{"id":13658,"date":"2020-04-07T11:05:41","date_gmt":"2020-04-07T09:05:41","guid":{"rendered":"https:\/\/www.mondiale.be\/news\/the-history-of-mondiale-part-2-6\/"},"modified":"2020-06-15T14:58:30","modified_gmt":"2020-06-15T12:58:30","slug":"the-history-of-mondiale-part-2-6","status":"publish","type":"news","link":"https:\/\/www.mondiale.be\/de\/nachrichten\/the-history-of-mondiale-part-2-6\/","title":{"rendered":"Die Geschichte von Mondiale (Teil 2\/6)"},"content":{"rendered":"\t\t<div data-elementor-type=\"wp-post\" data-elementor-id=\"13658\" class=\"elementor elementor-13658 elementor-12936\" data-elementor-post-type=\"news\">\n\t\t\t\t\t\t<section class=\"elementor-section elementor-top-section elementor-element elementor-element-74ea0b36 elementor-section-boxed elementor-section-height-default elementor-section-height-default\" data-id=\"74ea0b36\" data-element_type=\"section\" data-e-type=\"section\">\n\t\t\t\t\t\t<div class=\"elementor-container elementor-column-gap-default\">\n\t\t\t\t\t<div class=\"elementor-column elementor-col-100 elementor-top-column elementor-element elementor-element-50e0850e\" data-id=\"50e0850e\" data-element_type=\"column\" data-e-type=\"column\">\n\t\t\t<div class=\"elementor-widget-wrap elementor-element-populated\">\n\t\t\t\t\t\t<div class=\"elementor-element elementor-element-24b13b45 elementor-widget elementor-widget-text-editor\" data-id=\"24b13b45\" data-element_type=\"widget\" data-e-type=\"widget\" data-widget_type=\"text-editor.default\">\n\t\t\t\t<div class=\"elementor-widget-container\">\n\t\t\t\t\t\t\t\t\t<p><em>Die Firma Mondiale besteht seit fast 100 Jahren. Aber wussten Sie, dass unsere Urspr\u00fcnge viel weiter zur\u00fcck reichen? Bis ins Jahr 1860, um genau zu sein. Als das Familienunternehmen Fondu in Vilvoorde dazu beitrug, die Metallindustrie auf unsere Landkarte zu setzen. Seit 1921 tr\u00e4gt diese Firma den Namen Mondiale.<\/em><\/p>\n<p><em>Jahrzehntelang war Vilvoorde das schlagende Herz der Mondialisten. Dies ist die merkw\u00fcrdige und sch\u00f6ne Geschichte von Mondiale, in einer 6-teiligen Miniserie f\u00fcr Sie dokumentiert.<\/em><\/p>\n\t\t\t\t\t\t\t\t<\/div>\n\t\t\t\t<\/div>\n\t\t\t\t<section class=\"elementor-section elementor-inner-section elementor-element elementor-element-3a45ff49 elementor-section-content-middle elementor-section-boxed elementor-section-height-default elementor-section-height-default\" data-id=\"3a45ff49\" data-element_type=\"section\" data-e-type=\"section\">\n\t\t\t\t\t\t<div class=\"elementor-container elementor-column-gap-no\">\n\t\t\t\t\t<div class=\"elementor-column elementor-col-50 elementor-inner-column elementor-element elementor-element-4197b082\" data-id=\"4197b082\" data-element_type=\"column\" data-e-type=\"column\">\n\t\t\t<div class=\"elementor-widget-wrap elementor-element-populated\">\n\t\t\t\t\t\t<div class=\"elementor-element elementor-element-85af275 elementor-invisible elementor-widget elementor-widget-image\" data-id=\"85af275\" data-element_type=\"widget\" data-e-type=\"widget\" data-settings=\"{&quot;_animation&quot;:&quot;fadeIn&quot;}\" data-widget_type=\"image.default\">\n\t\t\t\t<div class=\"elementor-widget-container\">\n\t\t\t\t\t\t\t\t\t\t\t\t<figure class=\"wp-caption\">\n\t\t\t\t\t\t\t\t\t\t<img fetchpriority=\"high\" decoding=\"async\" width=\"768\" height=\"994\" src=\"https:\/\/www.mondiale.be\/assets\/20190510_121346-768x994.jpg\" class=\"attachment-medium_large size-medium_large wp-image-13022\" alt=\"Charles J.B. Fondu\" srcset=\"https:\/\/www.mondiale.be\/assets\/20190510_121346-768x994.jpg 768w, https:\/\/www.mondiale.be\/assets\/20190510_121346-742x960.jpg 742w, https:\/\/www.mondiale.be\/assets\/20190510_121346-1483x1920.jpg 1483w, https:\/\/www.mondiale.be\/assets\/20190510_121346-1187x1536.jpg 1187w, https:\/\/www.mondiale.be\/assets\/20190510_121346-1582x2048.jpg 1582w, https:\/\/www.mondiale.be\/assets\/20190510_121346-scaled.jpg 1978w\" sizes=\"(max-width: 768px) 100vw, 768px\" \/>\t\t\t\t\t\t\t\t\t\t\t<figcaption class=\"widget-image-caption wp-caption-text\">Zoon Charles J.B. neemt de fakkel over van vader Jean-Baptiste<\/figcaption>\n\t\t\t\t\t\t\t\t\t\t<\/figure>\n\t\t\t\t\t\t\t\t\t<\/div>\n\t\t\t\t<\/div>\n\t\t\t\t\t<\/div>\n\t\t<\/div>\n\t\t\t\t<div class=\"elementor-column elementor-col-50 elementor-inner-column elementor-element elementor-element-32decd09\" data-id=\"32decd09\" data-element_type=\"column\" data-e-type=\"column\">\n\t\t\t<div class=\"elementor-widget-wrap elementor-element-populated\">\n\t\t\t\t\t\t<div class=\"elementor-element elementor-element-6d8fc119 elementor-widget elementor-widget-heading\" data-id=\"6d8fc119\" data-element_type=\"widget\" data-e-type=\"widget\" data-widget_type=\"heading.default\">\n\t\t\t\t<div class=\"elementor-widget-container\">\n\t\t\t\t\t<h2 class=\"elementor-heading-title elementor-size-default\">TEIL 2: 1894 bis 1920<\/h2>\t\t\t\t<\/div>\n\t\t\t\t<\/div>\n\t\t\t\t<div class=\"elementor-element elementor-element-16ad4b5b elementor-widget elementor-widget-text-editor\" data-id=\"16ad4b5b\" data-element_type=\"widget\" data-e-type=\"widget\" data-widget_type=\"text-editor.default\">\n\t\t\t\t<div class=\"elementor-widget-container\">\n\t\t\t\t\t\t\t\t\t<p>Als <strong>Jean-Baptiste Fondu<\/strong> in den <strong>Jahren 1890<\/strong> in die USA emigrierte, hinterlie\u00df er seine profitable Fabrik in den H\u00e4nden seiner 3 Kinder: Charles J.B., Marthe-Madeleine und Elisa. Das Unternehmen aus Vilvoorde, welches erst sp\u00e4ter als Mondiale bekannt wurde, war damals bekannt unter dem Namen <strong><em>\u2018Soci\u00e9t\u00e9 en nom collectif Charles J.B. Fondu et Soeurs\u2019<\/em><\/strong>.<\/p>\n\t\t\t\t\t\t\t\t<\/div>\n\t\t\t\t<\/div>\n\t\t\t\t<div class=\"elementor-element elementor-element-f972a90 elementor-widget elementor-widget-heading\" data-id=\"f972a90\" data-element_type=\"widget\" data-e-type=\"widget\" data-widget_type=\"heading.default\">\n\t\t\t\t<div class=\"elementor-widget-container\">\n\t\t\t\t\t<h2 class=\"elementor-heading-title elementor-size-default\">Eine neue, gr\u00f6\u00dfere Fabrik<\/h2>\t\t\t\t<\/div>\n\t\t\t\t<\/div>\n\t\t\t\t<div class=\"elementor-element elementor-element-371a81ad elementor-widget elementor-widget-text-editor\" data-id=\"371a81ad\" data-element_type=\"widget\" data-e-type=\"widget\" data-widget_type=\"text-editor.default\">\n\t\t\t\t<div class=\"elementor-widget-container\">\n\t\t\t\t\t\t\t\t\t<p>An der Spitze war nun eindeutig der \u00e4lteste (und einzige) <strong>Sohn Charles J. B.<\/strong>, der keine Zeit verschwendet hatte. Er kaufte sofort ein 65 Hektar gro\u00dfes <strong>Baugrundst\u00fcck<\/strong> an der <strong>Koepoortstraat<\/strong> in Vilvoorde, in der N\u00e4he der Eisenbahnlinie. Da lie\u00df er eine neue, <strong>gr\u00f6\u00dfere Fabrik<\/strong> bauen.<\/p>\n<p>Aber leider&#8230; ein paar Jahre sp\u00e4ter <strong>starb seine Schwester<\/strong> Marthe-Madeleine. Das Unternehmen wurde notgedrungen <strong>aufgel\u00f6st<\/strong> und Charles J.B. kaufte seine Schwester Elisa aus. Von da an wurde die Firma ein <strong>Einzelunternehmen<\/strong>.<\/p>\n\t\t\t\t\t\t\t\t<\/div>\n\t\t\t\t<\/div>\n\t\t\t\t\t<\/div>\n\t\t<\/div>\n\t\t\t\t\t<\/div>\n\t\t<\/section>\n\t\t\t\t<div class=\"elementor-element elementor-element-524ced6 elementor-widget elementor-widget-heading\" data-id=\"524ced6\" data-element_type=\"widget\" data-e-type=\"widget\" data-widget_type=\"heading.default\">\n\t\t\t\t<div class=\"elementor-widget-container\">\n\t\t\t\t\t<h2 class=\"elementor-heading-title elementor-size-default\">Das erste Fondu-Automobil<\/h2>\t\t\t\t<\/div>\n\t\t\t\t<\/div>\n\t\t\t\t<div class=\"elementor-element elementor-element-e3869a3 elementor-widget elementor-widget-text-editor\" data-id=\"e3869a3\" data-element_type=\"widget\" data-e-type=\"widget\" data-widget_type=\"text-editor.default\">\n\t\t\t\t<div class=\"elementor-widget-container\">\n\t\t\t\t\t\t\t\t\t<p>In seiner <strong>&#8222;Usine Fondu&#8220;<\/strong> entpuppte sich Charles J.B. als ein w\u00fcrdiger Nachfolger seines Vaters. Seine Hauptt\u00e4tigkeiten waren immer noch die Herstellung von <strong>Eisenbahnmaterial und die Schlosserei<\/strong>. Charles war dabei sehr <strong>innovativ und ehrgeizig<\/strong>. Er verfolgte aufmerksam alle neuesten <strong>Trends<\/strong>, insbesondere die <strong>des Automobils<\/strong>.<\/p>\n<p>1906 kam der erste <strong>Fondu-Typ &#8222;CHF 1&#8220;<\/strong> auf den Markt. Dieses Automobil war ein sehr robuster <strong>4-Zylinder<\/strong> (100 x 120) mit 20\/24 PS und 3-Gang-Getriebe mit Kardangetriebe. Leiter der Abteilung &#8222;Automobilherstellung&#8220; war ein <strong>junger Schweizer<\/strong>, der sich in der Technik auszeichnete.<\/p>\n\t\t\t\t\t\t\t\t<\/div>\n\t\t\t\t<\/div>\n\t\t\t\t<div class=\"elementor-element elementor-element-317c9969 elementor-invisible elementor-widget elementor-widget-image\" data-id=\"317c9969\" data-element_type=\"widget\" data-e-type=\"widget\" data-settings=\"{&quot;_animation&quot;:&quot;fadeIn&quot;}\" data-widget_type=\"image.default\">\n\t\t\t\t<div class=\"elementor-widget-container\">\n\t\t\t\t\t\t\t\t\t\t\t\t<figure class=\"wp-caption\">\n\t\t\t\t\t\t\t\t\t\t<img decoding=\"async\" width=\"800\" height=\"586\" src=\"https:\/\/www.mondiale.be\/assets\/20190510_121720-1920x1406.jpg\" class=\"attachment-large size-large wp-image-13032\" alt=\"Fondu type \u201cCHF 1\u201d\" srcset=\"https:\/\/www.mondiale.be\/assets\/20190510_121720-1920x1406.jpg 1920w, https:\/\/www.mondiale.be\/assets\/20190510_121720-960x703.jpg 960w, https:\/\/www.mondiale.be\/assets\/20190510_121720-768x562.jpg 768w, https:\/\/www.mondiale.be\/assets\/20190510_121720-1536x1125.jpg 1536w, https:\/\/www.mondiale.be\/assets\/20190510_121720-2048x1500.jpg 2048w\" sizes=\"(max-width: 800px) 100vw, 800px\" \/>\t\t\t\t\t\t\t\t\t\t\t<figcaption class=\"widget-image-caption wp-caption-text\">In 1906 kwam de allereerste Fondu type \u201cCHF 1\u201d op de markt<\/figcaption>\n\t\t\t\t\t\t\t\t\t\t<\/figure>\n\t\t\t\t\t\t\t\t\t<\/div>\n\t\t\t\t<\/div>\n\t\t\t\t<div class=\"elementor-element elementor-element-0106657 elementor-widget elementor-widget-text-editor\" data-id=\"0106657\" data-element_type=\"widget\" data-e-type=\"widget\" data-widget_type=\"text-editor.default\">\n\t\t\t\t<div class=\"elementor-widget-container\">\n\t\t\t\t\t\t\t\t\t<p>Mit seinen Fondus gewann Charles J.B. regelm\u00e4\u00dfig <strong>Siegerpodeste<\/strong> w\u00e4hrend <strong>Rennen<\/strong>, die damals \u00fcberall im In- und Ausland organisiert wurden. Er war auch <strong>selbst Pilot<\/strong> und \u00fcberraschte das Publikum, indem er mit <strong>97 km\/h<\/strong> \u00fcber die Strecke raste.<\/p>\n<p><strong>1908<\/strong> verkaufte Charles J.B. die <strong>Lizenz<\/strong> f\u00fcr die Herstellung des Modells &#8222;CHF 1&#8220; an ein <strong>russisches Unternehmen<\/strong>. Auch der Schweizer Abteilungschef zog nach Riga. Dort erwiesen sich die Autos dank ihrer <strong>starken Konstruktion<\/strong> und <strong>schnellen<\/strong> <strong>Motoren<\/strong> als ebenso <strong>erfolgreich<\/strong>.<\/p>\n\t\t\t\t\t\t\t\t<\/div>\n\t\t\t\t<\/div>\n\t\t\t\t<section class=\"elementor-section elementor-inner-section elementor-element elementor-element-ed01d81 elementor-section-content-middle elementor-section-boxed elementor-section-height-default elementor-section-height-default\" data-id=\"ed01d81\" data-element_type=\"section\" data-e-type=\"section\">\n\t\t\t\t\t\t<div class=\"elementor-container elementor-column-gap-no\">\n\t\t\t\t\t<div class=\"elementor-column elementor-col-50 elementor-inner-column elementor-element elementor-element-68a0ab9\" data-id=\"68a0ab9\" data-element_type=\"column\" data-e-type=\"column\">\n\t\t\t<div class=\"elementor-widget-wrap elementor-element-populated\">\n\t\t\t\t\t\t<div class=\"elementor-element elementor-element-f53c10e elementor-invisible elementor-widget elementor-widget-image\" data-id=\"f53c10e\" data-element_type=\"widget\" data-e-type=\"widget\" data-settings=\"{&quot;_animation&quot;:&quot;fadeIn&quot;}\" data-widget_type=\"image.default\">\n\t\t\t\t<div class=\"elementor-widget-container\">\n\t\t\t\t\t\t\t\t\t\t\t\t<figure class=\"wp-caption\">\n\t\t\t\t\t\t\t\t\t\t<img decoding=\"async\" width=\"768\" height=\"650\" src=\"https:\/\/www.mondiale.be\/assets\/20190510_122054-768x650.jpg\" class=\"attachment-medium_large size-medium_large wp-image-13037\" alt=\"De Russo Baltique\" srcset=\"https:\/\/www.mondiale.be\/assets\/20190510_122054-768x650.jpg 768w, https:\/\/www.mondiale.be\/assets\/20190510_122054-960x812.jpg 960w, https:\/\/www.mondiale.be\/assets\/20190510_122054-1920x1624.jpg 1920w, https:\/\/www.mondiale.be\/assets\/20190510_122054-1536x1300.jpg 1536w, https:\/\/www.mondiale.be\/assets\/20190510_122054-2048x1733.jpg 2048w\" sizes=\"(max-width: 768px) 100vw, 768px\" \/>\t\t\t\t\t\t\t\t\t\t\t<figcaption class=\"widget-image-caption wp-caption-text\">De Russo Baltique: een Fondu van Russische makelij<\/figcaption>\n\t\t\t\t\t\t\t\t\t\t<\/figure>\n\t\t\t\t\t\t\t\t\t<\/div>\n\t\t\t\t<\/div>\n\t\t\t\t\t<\/div>\n\t\t<\/div>\n\t\t\t\t<div class=\"elementor-column elementor-col-50 elementor-inner-column elementor-element elementor-element-15b29f1\" data-id=\"15b29f1\" data-element_type=\"column\" data-e-type=\"column\">\n\t\t\t<div class=\"elementor-widget-wrap elementor-element-populated\">\n\t\t\t\t\t\t<div class=\"elementor-element elementor-element-3ac00bb elementor-widget elementor-widget-heading\" data-id=\"3ac00bb\" data-element_type=\"widget\" data-e-type=\"widget\" data-widget_type=\"heading.default\">\n\t\t\t\t<div class=\"elementor-widget-container\">\n\t\t\t\t\t<h2 class=\"elementor-heading-title elementor-size-default\">Die Firma trauert, eine Branche verschwindet<\/h2>\t\t\t\t<\/div>\n\t\t\t\t<\/div>\n\t\t\t\t<div class=\"elementor-element elementor-element-3437983 elementor-widget elementor-widget-text-editor\" data-id=\"3437983\" data-element_type=\"widget\" data-e-type=\"widget\" data-widget_type=\"text-editor.default\">\n\t\t\t\t<div class=\"elementor-widget-container\">\n\t\t\t\t\t\t\t\t\t<p>Zur\u00fcck in die Fabrik in <strong>Vilvoorde<\/strong>&#8230; da wechselte Charles J. B. \u00fcber zur Produktion von 4 Zylindern mit <strong>kleinerem Hubraum<\/strong>: 60\/100, 70\/110 und 75\/120. <strong>1911<\/strong> gr\u00fcndete er eine Aktiengesellschaft: <strong>&#8222;S. A. Anciens Etablissements Charles J.B. Fondu\u201d<\/strong>.<\/p>\n<p>Kaum ein Jahr sp\u00e4ter, <strong>1912<\/strong>, war die Firma bereits in tiefer Trauer. <strong>Charles J.B.<\/strong> <strong>starb<\/strong> unerwartet im Alter von 39 Jahren. Das Unternehmen konzentrierte sich danach auf die <strong>Produktion von Automotoren<\/strong> und anderen Unterteilen. Sie bedienten alle Arten von Automarken, vor allem in Belgien.<\/p>\n<p>Aber die <strong>belgische Autoindustrie<\/strong> wurde allm\u00e4hlich von der ausl\u00e4ndischen Konkurrenz <strong>geknebelt<\/strong>. Und so war <strong>1920<\/strong> von der einst so gesch\u00e4tzten <strong>Automarke Fondu<\/strong> nichts mehr \u00fcbrig.<\/p>\n\t\t\t\t\t\t\t\t<\/div>\n\t\t\t\t<\/div>\n\t\t\t\t\t<\/div>\n\t\t<\/div>\n\t\t\t\t\t<\/div>\n\t\t<\/section>\n\t\t\t\t<div class=\"elementor-element elementor-element-fa38dd8 elementor-invisible elementor-widget elementor-widget-image\" data-id=\"fa38dd8\" data-element_type=\"widget\" data-e-type=\"widget\" data-settings=\"{&quot;_animation&quot;:&quot;fadeIn&quot;}\" data-widget_type=\"image.default\">\n\t\t\t\t<div class=\"elementor-widget-container\">\n\t\t\t\t\t\t\t\t\t\t\t\t<figure class=\"wp-caption\">\n\t\t\t\t\t\t\t\t\t\t<img loading=\"lazy\" decoding=\"async\" width=\"800\" height=\"142\" src=\"https:\/\/www.mondiale.be\/assets\/20190510_122145-1920x340.jpg\" class=\"attachment-large size-large wp-image-13042\" alt=\"ode aan het automerk Fondu\" srcset=\"https:\/\/www.mondiale.be\/assets\/20190510_122145-1920x340.jpg 1920w, https:\/\/www.mondiale.be\/assets\/20190510_122145-960x170.jpg 960w, https:\/\/www.mondiale.be\/assets\/20190510_122145-768x136.jpg 768w, https:\/\/www.mondiale.be\/assets\/20190510_122145-1536x272.jpg 1536w, https:\/\/www.mondiale.be\/assets\/20190510_122145-2048x363.jpg 2048w\" sizes=\"(max-width: 800px) 100vw, 800px\" \/>\t\t\t\t\t\t\t\t\t\t\t<figcaption class=\"widget-image-caption wp-caption-text\">Roger d'Arteyres schrijft een ode aan het automerk Fondu in \"Livre d'Or\"<\/figcaption>\n\t\t\t\t\t\t\t\t\t\t<\/figure>\n\t\t\t\t\t\t\t\t\t<\/div>\n\t\t\t\t<\/div>\n\t\t\t\t<div class=\"elementor-element elementor-element-753f4d4 elementor-widget elementor-widget-text-editor\" data-id=\"753f4d4\" data-element_type=\"widget\" data-e-type=\"widget\" data-widget_type=\"text-editor.default\">\n\t\t\t\t<div class=\"elementor-widget-container\">\n\t\t\t\t\t\t\t\t\t<p>In den Jahren danach konnte die Firma gl\u00fccklicherweise wieder <strong>neu belebt werden<\/strong>, indem sie sich auf den <strong>Bau von Motorr\u00e4dern<\/strong> konzentrierte. Der Markenname <strong>&#8222;La Mondiale&#8220;<\/strong> macht hier zum ersten Mal Furore!<\/p>\n<p>Sie werden dar\u00fcber im n\u00e4chsten Teil dieser wunderbaren, aber merkw\u00fcrdigen Geschichte von Mondiale lesen.<\/p>\n\t\t\t\t\t\t\t\t<\/div>\n\t\t\t\t<\/div>\n\t\t\t\t<div class=\"elementor-element elementor-element-6ec7bdb1 elementor-widget elementor-widget-spacer\" data-id=\"6ec7bdb1\" data-element_type=\"widget\" data-e-type=\"widget\" data-widget_type=\"spacer.default\">\n\t\t\t\t<div class=\"elementor-widget-container\">\n\t\t\t\t\t\t\t<div class=\"elementor-spacer\">\n\t\t\t<div class=\"elementor-spacer-inner\"><\/div>\n\t\t<\/div>\n\t\t\t\t\t\t<\/div>\n\t\t\t\t<\/div>\n\t\t\t\t<div class=\"elementor-element elementor-element-7d4059ad elementor-align-right elementor-mobile-align-justify elementor-widget elementor-widget-button\" data-id=\"7d4059ad\" data-element_type=\"widget\" data-e-type=\"widget\" data-widget_type=\"button.default\">\n\t\t\t\t<div class=\"elementor-widget-container\">\n\t\t\t\t\t\t\t\t\t<div class=\"elementor-button-wrapper\">\n\t\t\t\t\t<a class=\"elementor-button elementor-button-link elementor-size-md\" href=\"\/?p=12937\">\n\t\t\t\t\t\t<span class=\"elementor-button-content-wrapper\">\n\t\t\t\t\t\t\t\t\t<span class=\"elementor-button-text\">MEHR DAZU &raquo;<\/span>\n\t\t\t\t\t<\/span>\n\t\t\t\t\t<\/a>\n\t\t\t\t<\/div>\n\t\t\t\t\t\t\t\t<\/div>\n\t\t\t\t<\/div>\n\t\t\t\t<div class=\"elementor-element elementor-element-4331eac9 elementor-widget-divider--view-line elementor-widget elementor-widget-divider\" data-id=\"4331eac9\" data-element_type=\"widget\" data-e-type=\"widget\" data-widget_type=\"divider.default\">\n\t\t\t\t<div class=\"elementor-widget-container\">\n\t\t\t\t\t\t\t<div class=\"elementor-divider\">\n\t\t\t<span class=\"elementor-divider-separator\">\n\t\t\t\t\t\t<\/span>\n\t\t<\/div>\n\t\t\t\t\t\t<\/div>\n\t\t\t\t<\/div>\n\t\t\t\t<div class=\"elementor-element elementor-element-702f2990 elementor-widget elementor-widget-text-editor\" data-id=\"702f2990\" data-element_type=\"widget\" data-e-type=\"widget\" data-widget_type=\"text-editor.default\">\n\t\t\t\t<div class=\"elementor-widget-container\">\n\t\t\t\t\t\t\t\t\t<p><strong>Quelle:<\/strong> STAPPERS, M. (1998). Die merkw\u00fcrdige Geschichte eines Metallbauunternehmers in Vilvoorde &#8211; 1860-1989. Vilvoorde, Dupress Vilvoorde.<\/p>\n\t\t\t\t\t\t\t\t<\/div>\n\t\t\t\t<\/div>\n\t\t\t\t\t<\/div>\n\t\t<\/div>\n\t\t\t\t\t<\/div>\n\t\t<\/section>\n\t\t\t\t<\/div>\n\t\t","protected":false},"excerpt":{"rendered":"<p>Die Firma Mondiale besteht seit fast 100 Jahren. Aber wussten Sie, dass unsere Urspr\u00fcnge viel weiter zur\u00fcck reichen? Bis ins Jahr 1860, um genau zu sein. Als das Familienunternehmen Fondu in Vilvoorde dazu beitrug, die Metallindustrie auf unsere Landkarte zu setzen. Seit 1921 tr\u00e4gt diese Firma den Namen Mondiale. Jahrzehntelang war Vilvoorde das schlagende Herz [&hellip;]<\/p>\n","protected":false},"author":3,"featured_media":13027,"template":"","news_category":[697],"class_list":["post-13658","news","type-news","status-publish","has-post-thumbnail","hentry","news_category-geschichte"],"acf":[],"yoast_head":"<!-- This site is optimized with the Yoast SEO plugin v27.5 - https:\/\/yoast.com\/product\/yoast-seo-wordpress\/ -->\n<title>Die Geschichte von Mondiale (Teil 2\/6) - Mondiale 100. Jahrestag<\/title>\n<meta name=\"description\" content=\"Die Geschichte von Mondiale, Teil 2 - 1894 bis 1920: das erste Fondu-Automobil, mit einer soliden Konstruktion und einem der schnellsten Motoren in Belgien!\" \/>\n<meta name=\"robots\" content=\"index, follow, max-snippet:-1, max-image-preview:large, max-video-preview:-1\" \/>\n<link rel=\"canonical\" href=\"https:\/\/www.mondiale.be\/de\/nachrichten\/the-history-of-mondiale-part-2-6\/\" \/>\n<meta property=\"og:locale\" content=\"de_DE\" \/>\n<meta property=\"og:type\" content=\"article\" \/>\n<meta property=\"og:title\" content=\"Die Geschichte von Mondiale (Teil 2\/6) - Mondiale 100. Jahrestag\" \/>\n<meta property=\"og:description\" content=\"Die Geschichte von Mondiale, Teil 2 - 1894 bis 1920: das erste Fondu-Automobil, mit einer soliden Konstruktion und einem der schnellsten Motoren in Belgien!\" \/>\n<meta property=\"og:url\" content=\"https:\/\/www.mondiale.be\/de\/nachrichten\/the-history-of-mondiale-part-2-6\/\" \/>\n<meta property=\"og:site_name\" content=\"Mondiale\" \/>\n<meta property=\"article:publisher\" content=\"https:\/\/www.facebook.com\/mondialenv\/\" \/>\n<meta property=\"article:modified_time\" content=\"2020-06-15T12:58:30+00:00\" \/>\n<meta property=\"og:image\" content=\"https:\/\/www.mondiale.be\/assets\/20190510_121450-scaled.jpg\" \/>\n\t<meta property=\"og:image:width\" content=\"2560\" \/>\n\t<meta property=\"og:image:height\" content=\"1881\" \/>\n\t<meta property=\"og:image:type\" content=\"image\/jpeg\" \/>\n<meta name=\"twitter:card\" content=\"summary_large_image\" \/>\n<meta name=\"twitter:label1\" content=\"Gesch\u00e4tzte Lesezeit\" \/>\n\t<meta name=\"twitter:data1\" content=\"3\u00a0Minuten\" \/>\n<script type=\"application\/ld+json\" class=\"yoast-schema-graph\">{\"@context\":\"https:\\\/\\\/schema.org\",\"@graph\":[{\"@type\":\"WebPage\",\"@id\":\"https:\\\/\\\/www.mondiale.be\\\/de\\\/nachrichten\\\/the-history-of-mondiale-part-2-6\\\/\",\"url\":\"https:\\\/\\\/www.mondiale.be\\\/de\\\/nachrichten\\\/the-history-of-mondiale-part-2-6\\\/\",\"name\":\"Die Geschichte von Mondiale (Teil 2\\\/6) - Mondiale 100. Jahrestag\",\"isPartOf\":{\"@id\":\"https:\\\/\\\/www.mondiale.be\\\/de\\\/#website\"},\"primaryImageOfPage\":{\"@id\":\"https:\\\/\\\/www.mondiale.be\\\/de\\\/nachrichten\\\/the-history-of-mondiale-part-2-6\\\/#primaryimage\"},\"image\":{\"@id\":\"https:\\\/\\\/www.mondiale.be\\\/de\\\/nachrichten\\\/the-history-of-mondiale-part-2-6\\\/#primaryimage\"},\"thumbnailUrl\":\"https:\\\/\\\/www.mondiale.be\\\/assets\\\/20190510_121450.jpg\",\"datePublished\":\"2020-04-07T09:05:41+00:00\",\"dateModified\":\"2020-06-15T12:58:30+00:00\",\"description\":\"Die Geschichte von Mondiale, Teil 2 - 1894 bis 1920: das erste Fondu-Automobil, mit einer soliden Konstruktion und einem der schnellsten Motoren in Belgien!\",\"breadcrumb\":{\"@id\":\"https:\\\/\\\/www.mondiale.be\\\/de\\\/nachrichten\\\/the-history-of-mondiale-part-2-6\\\/#breadcrumb\"},\"inLanguage\":\"de\",\"potentialAction\":[{\"@type\":\"ReadAction\",\"target\":[\"https:\\\/\\\/www.mondiale.be\\\/de\\\/nachrichten\\\/the-history-of-mondiale-part-2-6\\\/\"]}]},{\"@type\":\"ImageObject\",\"inLanguage\":\"de\",\"@id\":\"https:\\\/\\\/www.mondiale.be\\\/de\\\/nachrichten\\\/the-history-of-mondiale-part-2-6\\\/#primaryimage\",\"url\":\"https:\\\/\\\/www.mondiale.be\\\/assets\\\/20190510_121450.jpg\",\"contentUrl\":\"https:\\\/\\\/www.mondiale.be\\\/assets\\\/20190510_121450.jpg\",\"width\":2560,\"height\":1881,\"caption\":\"Fondu Usine, voorloper Mondiale\"},{\"@type\":\"BreadcrumbList\",\"@id\":\"https:\\\/\\\/www.mondiale.be\\\/de\\\/nachrichten\\\/the-history-of-mondiale-part-2-6\\\/#breadcrumb\",\"itemListElement\":[{\"@type\":\"ListItem\",\"position\":1,\"name\":\"Home\",\"item\":\"https:\\\/\\\/www.mondiale.be\\\/de\\\/home\\\/\"},{\"@type\":\"ListItem\",\"position\":2,\"name\":\"News\",\"item\":\"https:\\\/\\\/www.mondiale.be\\\/de\\\/nachrichten\\\/\"},{\"@type\":\"ListItem\",\"position\":3,\"name\":\"Die Geschichte von Mondiale (Teil 2\\\/6)\"}]},{\"@type\":\"WebSite\",\"@id\":\"https:\\\/\\\/www.mondiale.be\\\/de\\\/#website\",\"url\":\"https:\\\/\\\/www.mondiale.be\\\/de\\\/\",\"name\":\"Mondiale metalworking machines\",\"description\":\"Your Machine Tool Partner\",\"publisher\":{\"@id\":\"https:\\\/\\\/www.mondiale.be\\\/de\\\/#organization\"},\"alternateName\":\"Mondiale\",\"potentialAction\":[{\"@type\":\"SearchAction\",\"target\":{\"@type\":\"EntryPoint\",\"urlTemplate\":\"https:\\\/\\\/www.mondiale.be\\\/de\\\/?s={search_term_string}\"},\"query-input\":{\"@type\":\"PropertyValueSpecification\",\"valueRequired\":true,\"valueName\":\"search_term_string\"}}],\"inLanguage\":\"de\"},{\"@type\":\"Organization\",\"@id\":\"https:\\\/\\\/www.mondiale.be\\\/de\\\/#organization\",\"name\":\"Mondiale metalworking machines\",\"alternateName\":\"Mondiale\",\"url\":\"https:\\\/\\\/www.mondiale.be\\\/de\\\/\",\"logo\":{\"@type\":\"ImageObject\",\"inLanguage\":\"de\",\"@id\":\"https:\\\/\\\/www.mondiale.be\\\/de\\\/#\\\/schema\\\/logo\\\/image\\\/\",\"url\":\"https:\\\/\\\/www.mondiale.be\\\/assets\\\/logo-mondiale-notag-alt-color.svg\",\"contentUrl\":\"https:\\\/\\\/www.mondiale.be\\\/assets\\\/logo-mondiale-notag-alt-color.svg\",\"width\":1,\"height\":1,\"caption\":\"Mondiale metalworking machines\"},\"image\":{\"@id\":\"https:\\\/\\\/www.mondiale.be\\\/de\\\/#\\\/schema\\\/logo\\\/image\\\/\"},\"sameAs\":[\"https:\\\/\\\/www.facebook.com\\\/mondialenv\\\/\"]}]}<\/script>\n<!-- \/ Yoast SEO plugin. -->","yoast_head_json":{"title":"Die Geschichte von Mondiale (Teil 2\/6) - Mondiale 100. Jahrestag","description":"Die Geschichte von Mondiale, Teil 2 - 1894 bis 1920: das erste Fondu-Automobil, mit einer soliden Konstruktion und einem der schnellsten Motoren in Belgien!","robots":{"index":"index","follow":"follow","max-snippet":"max-snippet:-1","max-image-preview":"max-image-preview:large","max-video-preview":"max-video-preview:-1"},"canonical":"https:\/\/www.mondiale.be\/de\/nachrichten\/the-history-of-mondiale-part-2-6\/","og_locale":"de_DE","og_type":"article","og_title":"Die Geschichte von Mondiale (Teil 2\/6) - Mondiale 100. Jahrestag","og_description":"Die Geschichte von Mondiale, Teil 2 - 1894 bis 1920: das erste Fondu-Automobil, mit einer soliden Konstruktion und einem der schnellsten Motoren in Belgien!","og_url":"https:\/\/www.mondiale.be\/de\/nachrichten\/the-history-of-mondiale-part-2-6\/","og_site_name":"Mondiale","article_publisher":"https:\/\/www.facebook.com\/mondialenv\/","article_modified_time":"2020-06-15T12:58:30+00:00","og_image":[{"width":2560,"height":1881,"url":"https:\/\/www.mondiale.be\/assets\/20190510_121450-scaled.jpg","type":"image\/jpeg"}],"twitter_card":"summary_large_image","twitter_misc":{"Gesch\u00e4tzte Lesezeit":"3\u00a0Minuten"},"schema":{"@context":"https:\/\/schema.org","@graph":[{"@type":"WebPage","@id":"https:\/\/www.mondiale.be\/de\/nachrichten\/the-history-of-mondiale-part-2-6\/","url":"https:\/\/www.mondiale.be\/de\/nachrichten\/the-history-of-mondiale-part-2-6\/","name":"Die Geschichte von Mondiale (Teil 2\/6) - Mondiale 100. Jahrestag","isPartOf":{"@id":"https:\/\/www.mondiale.be\/de\/#website"},"primaryImageOfPage":{"@id":"https:\/\/www.mondiale.be\/de\/nachrichten\/the-history-of-mondiale-part-2-6\/#primaryimage"},"image":{"@id":"https:\/\/www.mondiale.be\/de\/nachrichten\/the-history-of-mondiale-part-2-6\/#primaryimage"},"thumbnailUrl":"https:\/\/www.mondiale.be\/assets\/20190510_121450.jpg","datePublished":"2020-04-07T09:05:41+00:00","dateModified":"2020-06-15T12:58:30+00:00","description":"Die Geschichte von Mondiale, Teil 2 - 1894 bis 1920: das erste Fondu-Automobil, mit einer soliden Konstruktion und einem der schnellsten Motoren in Belgien!","breadcrumb":{"@id":"https:\/\/www.mondiale.be\/de\/nachrichten\/the-history-of-mondiale-part-2-6\/#breadcrumb"},"inLanguage":"de","potentialAction":[{"@type":"ReadAction","target":["https:\/\/www.mondiale.be\/de\/nachrichten\/the-history-of-mondiale-part-2-6\/"]}]},{"@type":"ImageObject","inLanguage":"de","@id":"https:\/\/www.mondiale.be\/de\/nachrichten\/the-history-of-mondiale-part-2-6\/#primaryimage","url":"https:\/\/www.mondiale.be\/assets\/20190510_121450.jpg","contentUrl":"https:\/\/www.mondiale.be\/assets\/20190510_121450.jpg","width":2560,"height":1881,"caption":"Fondu Usine, voorloper Mondiale"},{"@type":"BreadcrumbList","@id":"https:\/\/www.mondiale.be\/de\/nachrichten\/the-history-of-mondiale-part-2-6\/#breadcrumb","itemListElement":[{"@type":"ListItem","position":1,"name":"Home","item":"https:\/\/www.mondiale.be\/de\/home\/"},{"@type":"ListItem","position":2,"name":"News","item":"https:\/\/www.mondiale.be\/de\/nachrichten\/"},{"@type":"ListItem","position":3,"name":"Die Geschichte von Mondiale (Teil 2\/6)"}]},{"@type":"WebSite","@id":"https:\/\/www.mondiale.be\/de\/#website","url":"https:\/\/www.mondiale.be\/de\/","name":"Mondiale metalworking machines","description":"Your Machine Tool Partner","publisher":{"@id":"https:\/\/www.mondiale.be\/de\/#organization"},"alternateName":"Mondiale","potentialAction":[{"@type":"SearchAction","target":{"@type":"EntryPoint","urlTemplate":"https:\/\/www.mondiale.be\/de\/?s={search_term_string}"},"query-input":{"@type":"PropertyValueSpecification","valueRequired":true,"valueName":"search_term_string"}}],"inLanguage":"de"},{"@type":"Organization","@id":"https:\/\/www.mondiale.be\/de\/#organization","name":"Mondiale metalworking machines","alternateName":"Mondiale","url":"https:\/\/www.mondiale.be\/de\/","logo":{"@type":"ImageObject","inLanguage":"de","@id":"https:\/\/www.mondiale.be\/de\/#\/schema\/logo\/image\/","url":"https:\/\/www.mondiale.be\/assets\/logo-mondiale-notag-alt-color.svg","contentUrl":"https:\/\/www.mondiale.be\/assets\/logo-mondiale-notag-alt-color.svg","width":1,"height":1,"caption":"Mondiale metalworking machines"},"image":{"@id":"https:\/\/www.mondiale.be\/de\/#\/schema\/logo\/image\/"},"sameAs":["https:\/\/www.facebook.com\/mondialenv\/"]}]}},"_links":{"self":[{"href":"https:\/\/www.mondiale.be\/de\/wp-json\/wp\/v2\/news\/13658","targetHints":{"allow":["GET"]}}],"collection":[{"href":"https:\/\/www.mondiale.be\/de\/wp-json\/wp\/v2\/news"}],"about":[{"href":"https:\/\/www.mondiale.be\/de\/wp-json\/wp\/v2\/types\/news"}],"author":[{"embeddable":true,"href":"https:\/\/www.mondiale.be\/de\/wp-json\/wp\/v2\/users\/3"}],"version-history":[{"count":0,"href":"https:\/\/www.mondiale.be\/de\/wp-json\/wp\/v2\/news\/13658\/revisions"}],"wp:featuredmedia":[{"embeddable":true,"href":"https:\/\/www.mondiale.be\/de\/wp-json\/wp\/v2\/media\/13027"}],"wp:attachment":[{"href":"https:\/\/www.mondiale.be\/de\/wp-json\/wp\/v2\/media?parent=13658"}],"wp:term":[{"taxonomy":"news_category","embeddable":true,"href":"https:\/\/www.mondiale.be\/de\/wp-json\/wp\/v2\/news_category?post=13658"}],"curies":[{"name":"wp","href":"https:\/\/api.w.org\/{rel}","templated":true}]}}