{"id":13661,"date":"2020-04-07T11:06:24","date_gmt":"2020-04-07T09:06:24","guid":{"rendered":"https:\/\/www.mondiale.be\/news\/the-history-of-mondiale-part-1-6\/"},"modified":"2020-06-15T13:42:27","modified_gmt":"2020-06-15T11:42:27","slug":"the-history-of-mondiale-part-1-6","status":"publish","type":"news","link":"https:\/\/www.mondiale.be\/de\/nachrichten\/the-history-of-mondiale-part-1-6\/","title":{"rendered":"Die Geschichte von Mondiale (Teil 1\/6)"},"content":{"rendered":"\t\t<div data-elementor-type=\"wp-post\" data-elementor-id=\"13661\" class=\"elementor elementor-13661 elementor-12935\" data-elementor-post-type=\"news\">\n\t\t\t\t\t\t<section class=\"elementor-section elementor-top-section elementor-element elementor-element-735929d5 elementor-section-boxed elementor-section-height-default elementor-section-height-default\" data-id=\"735929d5\" data-element_type=\"section\" data-e-type=\"section\">\n\t\t\t\t\t\t<div class=\"elementor-container elementor-column-gap-default\">\n\t\t\t\t\t<div class=\"elementor-column elementor-col-100 elementor-top-column elementor-element elementor-element-257afb6\" data-id=\"257afb6\" data-element_type=\"column\" data-e-type=\"column\">\n\t\t\t<div class=\"elementor-widget-wrap elementor-element-populated\">\n\t\t\t\t\t\t<div class=\"elementor-element elementor-element-367ca7a3 elementor-widget elementor-widget-text-editor\" data-id=\"367ca7a3\" data-element_type=\"widget\" data-e-type=\"widget\" data-widget_type=\"text-editor.default\">\n\t\t\t\t<div class=\"elementor-widget-container\">\n\t\t\t\t\t\t\t\t\t<p><em>Die Firma Mondiale besteht seit fast 100 Jahren. Aber wussten Sie, dass unsere Urspr\u00fcnge viel weiter zur\u00fcck reichen? Bis ins Jahr 1860, um genau zu sein. Als das Familienunternehmen Fondu in Vilvoorde dazu beitrug, die Metallindustrie auf unsere Landkarte zu setzen. Seit 1921 tr\u00e4gt diese Firma den Namen Mondiale.<\/em><\/p>\n<p><em>Jahrzehntelang war Vilvoorde das schlagende Herz der Mondialisten. Dies ist die merkw\u00fcrdige und sch\u00f6ne Geschichte von Mondiale, in einer 6-teiligen Miniserie f\u00fcr Sie dokumentiert.<\/em><\/p>\n\t\t\t\t\t\t\t\t<\/div>\n\t\t\t\t<\/div>\n\t\t\t\t<div class=\"elementor-element elementor-element-86a6ea2 elementor-widget elementor-widget-heading\" data-id=\"86a6ea2\" data-element_type=\"widget\" data-e-type=\"widget\" data-widget_type=\"heading.default\">\n\t\t\t\t<div class=\"elementor-widget-container\">\n\t\t\t\t\t<h2 class=\"elementor-heading-title elementor-size-default\">TEIL 1: 1860 bis 1894<\/h2>\t\t\t\t<\/div>\n\t\t\t\t<\/div>\n\t\t\t\t<div class=\"elementor-element elementor-element-9641c2e elementor-widget elementor-widget-text-editor\" data-id=\"9641c2e\" data-element_type=\"widget\" data-e-type=\"widget\" data-widget_type=\"text-editor.default\">\n\t\t\t\t<div class=\"elementor-widget-container\">\n\t\t\t\t\t\t\t\t\t<p><strong>Vilvoorde, anno 1860<\/strong>: eine moderne <strong>Industriestadt<\/strong> in voller Expansion und ein wichtiger <strong>Halt<\/strong> entlang der Verbindungsachse <strong>Br\u00fcssel-Mechelen<\/strong>. Diese Eisenbahnlinie war die erste von Belgien und noch strenger: die erste des gesamten europ\u00e4ischen Kontinents. Das lockte viele <strong>unternehmerische Talente<\/strong> in diese bl\u00fchende Stadt.<\/p>\n\t\t\t\t\t\t\t\t<\/div>\n\t\t\t\t<\/div>\n\t\t\t\t<div class=\"elementor-element elementor-element-8ebbe93 elementor-invisible elementor-widget elementor-widget-image\" data-id=\"8ebbe93\" data-element_type=\"widget\" data-e-type=\"widget\" data-settings=\"{&quot;_animation&quot;:&quot;fadeIn&quot;}\" data-widget_type=\"image.default\">\n\t\t\t\t<div class=\"elementor-widget-container\">\n\t\t\t\t\t\t\t\t\t\t\t\t<figure class=\"wp-caption\">\n\t\t\t\t\t\t\t\t\t\t<img fetchpriority=\"high\" decoding=\"async\" width=\"500\" height=\"316\" src=\"https:\/\/www.mondiale.be\/assets\/vilvoorde-19e-eeuw.jpg\" class=\"attachment-large size-large wp-image-13014\" alt=\"Vilvoorde in de 19de eeuw\" \/>\t\t\t\t\t\t\t\t\t\t\t<figcaption class=\"widget-image-caption wp-caption-text\">Vilvoorde aan de Zenne, 19e eeuw (postkaart) \u00a9 Adelijn Calderon, vilvoordeanno.be<\/figcaption>\n\t\t\t\t\t\t\t\t\t\t<\/figure>\n\t\t\t\t\t\t\t\t\t<\/div>\n\t\t\t\t<\/div>\n\t\t\t\t<div class=\"elementor-element elementor-element-f99ce23 elementor-widget elementor-widget-heading\" data-id=\"f99ce23\" data-element_type=\"widget\" data-e-type=\"widget\" data-widget_type=\"heading.default\">\n\t\t\t\t<div class=\"elementor-widget-container\">\n\t\t\t\t\t<h2 class=\"elementor-heading-title elementor-size-default\">Jean-Baptiste Fondu, wunderbarer Ingenieur<\/h2>\t\t\t\t<\/div>\n\t\t\t\t<\/div>\n\t\t\t\t<div class=\"elementor-element elementor-element-d92f1d5 elementor-widget elementor-widget-text-editor\" data-id=\"d92f1d5\" data-element_type=\"widget\" data-e-type=\"widget\" data-widget_type=\"text-editor.default\">\n\t\t\t\t<div class=\"elementor-widget-container\">\n\t\t\t\t\t\t\t\t\t<p>Einer von ihnen war <strong>Jean-Baptiste Fondu<\/strong>, geboren im Jahr 1832. Er war der Sohn eines Schlossers und hatte es selbst bis zum <strong>Ingenieur<\/strong> gebracht. Ein au\u00dferordentlich <strong>ehrgeiziger<\/strong> Mann. Erfinderisch und auch <strong>kontaktfreudig<\/strong>. Und sehr daf\u00fcr gesch\u00e4tzt, selbst in den h\u00f6chsten Kreisen von <strong>Paris<\/strong>.<\/p>\n<p>Fondu hat sich als Erfinder und Produzent auf <strong>Eisenbahnmaterial<\/strong> spezialisiert. So lieferte er beispielsweise <strong>geniale<\/strong> <strong>Verbesserungen<\/strong> an T\u00fcren, Schl\u00f6ssern, Griffen, Beleuchtung, Sicherheitssystemen und Karosserie. Er hat ein System f\u00fcr die <strong>Zeiterfassung<\/strong> der Nachw\u00e4chter erschafft. Er entwarf <strong>Ausr\u00fcstung<\/strong> f\u00fcr die Feuerwehrschl\u00e4uche im Zug.<\/p>\n\t\t\t\t\t\t\t\t<\/div>\n\t\t\t\t<\/div>\n\t\t\t\t<div class=\"elementor-element elementor-element-151dede elementor-widget elementor-widget-heading\" data-id=\"151dede\" data-element_type=\"widget\" data-e-type=\"widget\" data-widget_type=\"heading.default\">\n\t\t\t\t<div class=\"elementor-widget-container\">\n\t\t\t\t\t<h2 class=\"elementor-heading-title elementor-size-default\">Die Fondu-Fabrik, Vorl\u00e4ufer von Mondiale<\/h2>\t\t\t\t<\/div>\n\t\t\t\t<\/div>\n\t\t\t\t<div class=\"elementor-element elementor-element-aa8c4ef elementor-widget elementor-widget-text-editor\" data-id=\"aa8c4ef\" data-element_type=\"widget\" data-e-type=\"widget\" data-widget_type=\"text-editor.default\">\n\t\t\t\t<div class=\"elementor-widget-container\">\n\t\t\t\t\t\t\t\t\t<p>In seiner Fabrik stellte er N\u00e4gel, Nieten, Bolzen, Muttern und Scharniere her. Daneben hatte er auch eine <strong>Schlosserei<\/strong> und eine <strong>Werkstatt f\u00fcr<\/strong> <strong>Werkzeugmaschinen<\/strong>. F\u00fcr alle, die das <strong>gegenw\u00e4rtige Mondiale<\/strong> kennen, ist letzteres untrennbar mit dem Namen verbunden.<\/p>\n<p><strong><em>\u2018Fondu \u2013 Staadt, Fabrique de Mat\u00e9riel de Chemin de Fer\u2019<\/em><\/strong>, so lautete der erste von vielen Namen. Aber diese Fabrik blieb viele Jahre lang am gleichen Ort: in einem alten Dominikanerkloster in <strong>der Lange Molenstraat<\/strong>, in der N\u00e4he des Flusses Zenne.<\/p>\n\t\t\t\t\t\t\t\t<\/div>\n\t\t\t\t<\/div>\n\t\t\t\t<div class=\"elementor-element elementor-element-14692c7 elementor-invisible elementor-widget elementor-widget-image\" data-id=\"14692c7\" data-element_type=\"widget\" data-e-type=\"widget\" data-settings=\"{&quot;_animation&quot;:&quot;fadeIn&quot;}\" data-widget_type=\"image.default\">\n\t\t\t\t<div class=\"elementor-widget-container\">\n\t\t\t\t\t\t\t\t\t\t\t\t<figure class=\"wp-caption\">\n\t\t\t\t\t\t\t\t\t\t<img decoding=\"async\" width=\"800\" height=\"389\" src=\"https:\/\/www.mondiale.be\/assets\/20190408_104438-1920x933.jpg\" class=\"attachment-large size-large wp-image-12999\" alt=\"Mondiale was ooit de Fondu fabriek\" srcset=\"https:\/\/www.mondiale.be\/assets\/20190408_104438-1920x933.jpg 1920w, https:\/\/www.mondiale.be\/assets\/20190408_104438-960x466.jpg 960w, https:\/\/www.mondiale.be\/assets\/20190408_104438-768x373.jpg 768w, https:\/\/www.mondiale.be\/assets\/20190408_104438-1536x746.jpg 1536w, https:\/\/www.mondiale.be\/assets\/20190408_104438-2048x995.jpg 2048w\" sizes=\"(max-width: 800px) 100vw, 800px\" \/>\t\t\t\t\t\t\t\t\t\t\t<figcaption class=\"widget-image-caption wp-caption-text\">Schets van de fabriek van J.B. Fondu rond 1890 \u00a9 M. Stappers<\/figcaption>\n\t\t\t\t\t\t\t\t\t\t<\/figure>\n\t\t\t\t\t\t\t\t\t<\/div>\n\t\t\t\t<\/div>\n\t\t\t\t<div class=\"elementor-element elementor-element-63171fc elementor-widget elementor-widget-heading\" data-id=\"63171fc\" data-element_type=\"widget\" data-e-type=\"widget\" data-widget_type=\"heading.default\">\n\t\t\t\t<div class=\"elementor-widget-container\">\n\t\t\t\t\t<h2 class=\"elementor-heading-title elementor-size-default\">Die Fackel wird \u00fcbergeben<\/h2>\t\t\t\t<\/div>\n\t\t\t\t<\/div>\n\t\t\t\t<div class=\"elementor-element elementor-element-fe76ebc elementor-widget elementor-widget-text-editor\" data-id=\"fe76ebc\" data-element_type=\"widget\" data-e-type=\"widget\" data-widget_type=\"text-editor.default\">\n\t\t\t\t<div class=\"elementor-widget-container\">\n\t\t\t\t\t\t\t\t\t<p><strong>1894<\/strong> zog sich Jean-Baptiste <strong>aus dem Verwaltungsrat<\/strong> zur\u00fcck. Ein paar Jahre sp\u00e4ter, er ist 69, wird er nach Ohio in den USA <strong>auswandern<\/strong>. Inzwischen wurde die Leitung an <strong>seine 3 Kinder<\/strong> \u00fcbertragen. Das Unternehmen wurde wieder umbenannt: <strong><em>\u2018Soci\u00e9t\u00e9 en nom collectif Charles J.B. Fondu et Soeurs\u2019<\/em><\/strong>.<\/p>\n<p>Eine <strong>neue \u00c4ra<\/strong> und eine neue F\u00fchrung.. aber dar\u00fcber lesen Sie mehr im n\u00e4chsten Teil.<\/p>\n\t\t\t\t\t\t\t\t<\/div>\n\t\t\t\t<\/div>\n\t\t\t\t<div class=\"elementor-element elementor-element-f8d5554 elementor-align-right elementor-widget elementor-widget-button\" data-id=\"f8d5554\" data-element_type=\"widget\" data-e-type=\"widget\" data-widget_type=\"button.default\">\n\t\t\t\t<div class=\"elementor-widget-container\">\n\t\t\t\t\t\t\t\t\t<div class=\"elementor-button-wrapper\">\n\t\t\t\t\t<a class=\"elementor-button elementor-button-link elementor-size-md\" href=\"https:\/\/www.mondiale.be\/de\/nachrichten\/the-history-of-mondiale-part-2-6\/\">\n\t\t\t\t\t\t<span class=\"elementor-button-content-wrapper\">\n\t\t\t\t\t\t\t\t\t<span class=\"elementor-button-text\">MEHR DAZU &raquo;<\/span>\n\t\t\t\t\t<\/span>\n\t\t\t\t\t<\/a>\n\t\t\t\t<\/div>\n\t\t\t\t\t\t\t\t<\/div>\n\t\t\t\t<\/div>\n\t\t\t\t<div class=\"elementor-element elementor-element-1005b64 elementor-widget-divider--view-line elementor-widget elementor-widget-divider\" data-id=\"1005b64\" data-element_type=\"widget\" data-e-type=\"widget\" data-widget_type=\"divider.default\">\n\t\t\t\t<div class=\"elementor-widget-container\">\n\t\t\t\t\t\t\t<div class=\"elementor-divider\">\n\t\t\t<span class=\"elementor-divider-separator\">\n\t\t\t\t\t\t<\/span>\n\t\t<\/div>\n\t\t\t\t\t\t<\/div>\n\t\t\t\t<\/div>\n\t\t\t\t<div class=\"elementor-element elementor-element-6345923 elementor-widget elementor-widget-text-editor\" data-id=\"6345923\" data-element_type=\"widget\" data-e-type=\"widget\" data-widget_type=\"text-editor.default\">\n\t\t\t\t<div class=\"elementor-widget-container\">\n\t\t\t\t\t\t\t\t\t<p><strong>Quelle:<\/strong> STAPPERS, M. (1998). Die merkw\u00fcrdige Geschichte eines Metallbauunternehmers in Vilvoorde &#8211; 1860-1989. Vilvoorde, Dupress Vilvoorde.<\/p>\n\t\t\t\t\t\t\t\t<\/div>\n\t\t\t\t<\/div>\n\t\t\t\t\t<\/div>\n\t\t<\/div>\n\t\t\t\t\t<\/div>\n\t\t<\/section>\n\t\t\t\t<\/div>\n\t\t","protected":false},"excerpt":{"rendered":"<p>Die Firma Mondiale besteht seit fast 100 Jahren. Aber wussten Sie, dass unsere Urspr\u00fcnge viel weiter zur\u00fcck reichen? Bis ins Jahr 1860, um genau zu sein. Als das Familienunternehmen Fondu in Vilvoorde dazu beitrug, die Metallindustrie auf unsere Landkarte zu setzen. Seit 1921 tr\u00e4gt diese Firma den Namen Mondiale. Jahrzehntelang war Vilvoorde das schlagende Herz [&hellip;]<\/p>\n","protected":false},"author":3,"featured_media":12999,"template":"","news_category":[697],"class_list":["post-13661","news","type-news","status-publish","has-post-thumbnail","hentry","news_category-geschichte"],"acf":[],"yoast_head":"<!-- This site is optimized with the Yoast SEO plugin v27.5 - https:\/\/yoast.com\/product\/yoast-seo-wordpress\/ -->\n<title>Die Geschichte von Mondiale (Teil 1\/6) - Mondiale 100. Jahrestag<\/title>\n<meta name=\"description\" content=\"Die Geschichte von Mondiale (Teil 1\/6) 1860 - 1898: als das Familienunternehmen Fondu in Vilvoorde die Metallindustrie auf unsere Landkarte setzte.\" \/>\n<meta name=\"robots\" content=\"index, follow, max-snippet:-1, max-image-preview:large, max-video-preview:-1\" \/>\n<link rel=\"canonical\" href=\"https:\/\/www.mondiale.be\/de\/nachrichten\/the-history-of-mondiale-part-1-6\/\" \/>\n<meta property=\"og:locale\" content=\"de_DE\" \/>\n<meta property=\"og:type\" content=\"article\" \/>\n<meta property=\"og:title\" content=\"Die Geschichte von Mondiale (Teil 1\/6) - Mondiale 100. Jahrestag\" \/>\n<meta property=\"og:description\" content=\"Die Geschichte von Mondiale (Teil 1\/6) 1860 - 1898: als das Familienunternehmen Fondu in Vilvoorde die Metallindustrie auf unsere Landkarte setzte.\" \/>\n<meta property=\"og:url\" content=\"https:\/\/www.mondiale.be\/de\/nachrichten\/the-history-of-mondiale-part-1-6\/\" \/>\n<meta property=\"og:site_name\" content=\"Mondiale\" \/>\n<meta property=\"article:publisher\" content=\"https:\/\/www.facebook.com\/mondialenv\/\" \/>\n<meta property=\"article:modified_time\" content=\"2020-06-15T11:42:27+00:00\" \/>\n<meta property=\"og:image\" content=\"https:\/\/www.mondiale.be\/assets\/20190408_104438-scaled.jpg\" \/>\n<meta name=\"twitter:card\" content=\"summary_large_image\" \/>\n<meta name=\"twitter:label1\" content=\"Gesch\u00e4tzte Lesezeit\" \/>\n\t<meta name=\"twitter:data1\" content=\"2\u00a0Minuten\" \/>\n<script type=\"application\/ld+json\" class=\"yoast-schema-graph\">{\"@context\":\"https:\\\/\\\/schema.org\",\"@graph\":[{\"@type\":\"WebPage\",\"@id\":\"https:\\\/\\\/www.mondiale.be\\\/de\\\/nachrichten\\\/the-history-of-mondiale-part-1-6\\\/\",\"url\":\"https:\\\/\\\/www.mondiale.be\\\/de\\\/nachrichten\\\/the-history-of-mondiale-part-1-6\\\/\",\"name\":\"Die Geschichte von Mondiale (Teil 1\\\/6) - Mondiale 100. Jahrestag\",\"isPartOf\":{\"@id\":\"https:\\\/\\\/www.mondiale.be\\\/de\\\/#website\"},\"primaryImageOfPage\":{\"@id\":\"https:\\\/\\\/www.mondiale.be\\\/de\\\/nachrichten\\\/the-history-of-mondiale-part-1-6\\\/#primaryimage\"},\"image\":{\"@id\":\"https:\\\/\\\/www.mondiale.be\\\/de\\\/nachrichten\\\/the-history-of-mondiale-part-1-6\\\/#primaryimage\"},\"thumbnailUrl\":\"https:\\\/\\\/www.mondiale.be\\\/assets\\\/20190408_104438.jpg\",\"datePublished\":\"2020-04-07T09:06:24+00:00\",\"dateModified\":\"2020-06-15T11:42:27+00:00\",\"description\":\"Die Geschichte von Mondiale (Teil 1\\\/6) 1860 - 1898: als das Familienunternehmen Fondu in Vilvoorde die Metallindustrie auf unsere Landkarte setzte.\",\"breadcrumb\":{\"@id\":\"https:\\\/\\\/www.mondiale.be\\\/de\\\/nachrichten\\\/the-history-of-mondiale-part-1-6\\\/#breadcrumb\"},\"inLanguage\":\"de\",\"potentialAction\":[{\"@type\":\"ReadAction\",\"target\":[\"https:\\\/\\\/www.mondiale.be\\\/de\\\/nachrichten\\\/the-history-of-mondiale-part-1-6\\\/\"]}]},{\"@type\":\"ImageObject\",\"inLanguage\":\"de\",\"@id\":\"https:\\\/\\\/www.mondiale.be\\\/de\\\/nachrichten\\\/the-history-of-mondiale-part-1-6\\\/#primaryimage\",\"url\":\"https:\\\/\\\/www.mondiale.be\\\/assets\\\/20190408_104438.jpg\",\"contentUrl\":\"https:\\\/\\\/www.mondiale.be\\\/assets\\\/20190408_104438.jpg\",\"width\":2560,\"height\":1244,\"caption\":\"Schets van de fabriek van J.B. Fondu rond 1890 \u00a9 M. Stappers\"},{\"@type\":\"BreadcrumbList\",\"@id\":\"https:\\\/\\\/www.mondiale.be\\\/de\\\/nachrichten\\\/the-history-of-mondiale-part-1-6\\\/#breadcrumb\",\"itemListElement\":[{\"@type\":\"ListItem\",\"position\":1,\"name\":\"Home\",\"item\":\"https:\\\/\\\/www.mondiale.be\\\/de\\\/home\\\/\"},{\"@type\":\"ListItem\",\"position\":2,\"name\":\"News\",\"item\":\"https:\\\/\\\/www.mondiale.be\\\/de\\\/nachrichten\\\/\"},{\"@type\":\"ListItem\",\"position\":3,\"name\":\"Die Geschichte von Mondiale (Teil 1\\\/6)\"}]},{\"@type\":\"WebSite\",\"@id\":\"https:\\\/\\\/www.mondiale.be\\\/de\\\/#website\",\"url\":\"https:\\\/\\\/www.mondiale.be\\\/de\\\/\",\"name\":\"Mondiale metalworking machines\",\"description\":\"Your Machine Tool Partner\",\"publisher\":{\"@id\":\"https:\\\/\\\/www.mondiale.be\\\/de\\\/#organization\"},\"alternateName\":\"Mondiale\",\"potentialAction\":[{\"@type\":\"SearchAction\",\"target\":{\"@type\":\"EntryPoint\",\"urlTemplate\":\"https:\\\/\\\/www.mondiale.be\\\/de\\\/?s={search_term_string}\"},\"query-input\":{\"@type\":\"PropertyValueSpecification\",\"valueRequired\":true,\"valueName\":\"search_term_string\"}}],\"inLanguage\":\"de\"},{\"@type\":\"Organization\",\"@id\":\"https:\\\/\\\/www.mondiale.be\\\/de\\\/#organization\",\"name\":\"Mondiale metalworking machines\",\"alternateName\":\"Mondiale\",\"url\":\"https:\\\/\\\/www.mondiale.be\\\/de\\\/\",\"logo\":{\"@type\":\"ImageObject\",\"inLanguage\":\"de\",\"@id\":\"https:\\\/\\\/www.mondiale.be\\\/de\\\/#\\\/schema\\\/logo\\\/image\\\/\",\"url\":\"https:\\\/\\\/www.mondiale.be\\\/assets\\\/logo-mondiale-notag-alt-color.svg\",\"contentUrl\":\"https:\\\/\\\/www.mondiale.be\\\/assets\\\/logo-mondiale-notag-alt-color.svg\",\"width\":1,\"height\":1,\"caption\":\"Mondiale metalworking machines\"},\"image\":{\"@id\":\"https:\\\/\\\/www.mondiale.be\\\/de\\\/#\\\/schema\\\/logo\\\/image\\\/\"},\"sameAs\":[\"https:\\\/\\\/www.facebook.com\\\/mondialenv\\\/\"]}]}<\/script>\n<!-- \/ Yoast SEO plugin. -->","yoast_head_json":{"title":"Die Geschichte von Mondiale (Teil 1\/6) - Mondiale 100. Jahrestag","description":"Die Geschichte von Mondiale (Teil 1\/6) 1860 - 1898: als das Familienunternehmen Fondu in Vilvoorde die Metallindustrie auf unsere Landkarte setzte.","robots":{"index":"index","follow":"follow","max-snippet":"max-snippet:-1","max-image-preview":"max-image-preview:large","max-video-preview":"max-video-preview:-1"},"canonical":"https:\/\/www.mondiale.be\/de\/nachrichten\/the-history-of-mondiale-part-1-6\/","og_locale":"de_DE","og_type":"article","og_title":"Die Geschichte von Mondiale (Teil 1\/6) - Mondiale 100. Jahrestag","og_description":"Die Geschichte von Mondiale (Teil 1\/6) 1860 - 1898: als das Familienunternehmen Fondu in Vilvoorde die Metallindustrie auf unsere Landkarte setzte.","og_url":"https:\/\/www.mondiale.be\/de\/nachrichten\/the-history-of-mondiale-part-1-6\/","og_site_name":"Mondiale","article_publisher":"https:\/\/www.facebook.com\/mondialenv\/","article_modified_time":"2020-06-15T11:42:27+00:00","og_image":[{"url":"https:\/\/www.mondiale.be\/assets\/20190408_104438-scaled.jpg","type":"","width":"","height":""}],"twitter_card":"summary_large_image","twitter_misc":{"Gesch\u00e4tzte Lesezeit":"2\u00a0Minuten"},"schema":{"@context":"https:\/\/schema.org","@graph":[{"@type":"WebPage","@id":"https:\/\/www.mondiale.be\/de\/nachrichten\/the-history-of-mondiale-part-1-6\/","url":"https:\/\/www.mondiale.be\/de\/nachrichten\/the-history-of-mondiale-part-1-6\/","name":"Die Geschichte von Mondiale (Teil 1\/6) - Mondiale 100. Jahrestag","isPartOf":{"@id":"https:\/\/www.mondiale.be\/de\/#website"},"primaryImageOfPage":{"@id":"https:\/\/www.mondiale.be\/de\/nachrichten\/the-history-of-mondiale-part-1-6\/#primaryimage"},"image":{"@id":"https:\/\/www.mondiale.be\/de\/nachrichten\/the-history-of-mondiale-part-1-6\/#primaryimage"},"thumbnailUrl":"https:\/\/www.mondiale.be\/assets\/20190408_104438.jpg","datePublished":"2020-04-07T09:06:24+00:00","dateModified":"2020-06-15T11:42:27+00:00","description":"Die Geschichte von Mondiale (Teil 1\/6) 1860 - 1898: als das Familienunternehmen Fondu in Vilvoorde die Metallindustrie auf unsere Landkarte setzte.","breadcrumb":{"@id":"https:\/\/www.mondiale.be\/de\/nachrichten\/the-history-of-mondiale-part-1-6\/#breadcrumb"},"inLanguage":"de","potentialAction":[{"@type":"ReadAction","target":["https:\/\/www.mondiale.be\/de\/nachrichten\/the-history-of-mondiale-part-1-6\/"]}]},{"@type":"ImageObject","inLanguage":"de","@id":"https:\/\/www.mondiale.be\/de\/nachrichten\/the-history-of-mondiale-part-1-6\/#primaryimage","url":"https:\/\/www.mondiale.be\/assets\/20190408_104438.jpg","contentUrl":"https:\/\/www.mondiale.be\/assets\/20190408_104438.jpg","width":2560,"height":1244,"caption":"Schets van de fabriek van J.B. Fondu rond 1890 \u00a9 M. Stappers"},{"@type":"BreadcrumbList","@id":"https:\/\/www.mondiale.be\/de\/nachrichten\/the-history-of-mondiale-part-1-6\/#breadcrumb","itemListElement":[{"@type":"ListItem","position":1,"name":"Home","item":"https:\/\/www.mondiale.be\/de\/home\/"},{"@type":"ListItem","position":2,"name":"News","item":"https:\/\/www.mondiale.be\/de\/nachrichten\/"},{"@type":"ListItem","position":3,"name":"Die Geschichte von Mondiale (Teil 1\/6)"}]},{"@type":"WebSite","@id":"https:\/\/www.mondiale.be\/de\/#website","url":"https:\/\/www.mondiale.be\/de\/","name":"Mondiale metalworking machines","description":"Your Machine Tool Partner","publisher":{"@id":"https:\/\/www.mondiale.be\/de\/#organization"},"alternateName":"Mondiale","potentialAction":[{"@type":"SearchAction","target":{"@type":"EntryPoint","urlTemplate":"https:\/\/www.mondiale.be\/de\/?s={search_term_string}"},"query-input":{"@type":"PropertyValueSpecification","valueRequired":true,"valueName":"search_term_string"}}],"inLanguage":"de"},{"@type":"Organization","@id":"https:\/\/www.mondiale.be\/de\/#organization","name":"Mondiale metalworking machines","alternateName":"Mondiale","url":"https:\/\/www.mondiale.be\/de\/","logo":{"@type":"ImageObject","inLanguage":"de","@id":"https:\/\/www.mondiale.be\/de\/#\/schema\/logo\/image\/","url":"https:\/\/www.mondiale.be\/assets\/logo-mondiale-notag-alt-color.svg","contentUrl":"https:\/\/www.mondiale.be\/assets\/logo-mondiale-notag-alt-color.svg","width":1,"height":1,"caption":"Mondiale metalworking machines"},"image":{"@id":"https:\/\/www.mondiale.be\/de\/#\/schema\/logo\/image\/"},"sameAs":["https:\/\/www.facebook.com\/mondialenv\/"]}]}},"_links":{"self":[{"href":"https:\/\/www.mondiale.be\/de\/wp-json\/wp\/v2\/news\/13661","targetHints":{"allow":["GET"]}}],"collection":[{"href":"https:\/\/www.mondiale.be\/de\/wp-json\/wp\/v2\/news"}],"about":[{"href":"https:\/\/www.mondiale.be\/de\/wp-json\/wp\/v2\/types\/news"}],"author":[{"embeddable":true,"href":"https:\/\/www.mondiale.be\/de\/wp-json\/wp\/v2\/users\/3"}],"version-history":[{"count":0,"href":"https:\/\/www.mondiale.be\/de\/wp-json\/wp\/v2\/news\/13661\/revisions"}],"wp:featuredmedia":[{"embeddable":true,"href":"https:\/\/www.mondiale.be\/de\/wp-json\/wp\/v2\/media\/12999"}],"wp:attachment":[{"href":"https:\/\/www.mondiale.be\/de\/wp-json\/wp\/v2\/media?parent=13661"}],"wp:term":[{"taxonomy":"news_category","embeddable":true,"href":"https:\/\/www.mondiale.be\/de\/wp-json\/wp\/v2\/news_category?post=13661"}],"curies":[{"name":"wp","href":"https:\/\/api.w.org\/{rel}","templated":true}]}}