{"id":17302,"date":"2020-04-07T11:03:59","date_gmt":"2020-04-07T09:03:59","guid":{"rendered":"https:\/\/www.mondiale.be\/news\/die-geschichte-von-mondiale-teil-4-6\/"},"modified":"2020-07-06T17:25:54","modified_gmt":"2020-07-06T15:25:54","slug":"die-geschichte-von-mondiale-teil-4-6","status":"publish","type":"news","link":"https:\/\/www.mondiale.be\/de\/nachrichten\/die-geschichte-von-mondiale-teil-4-6\/","title":{"rendered":"Die Geschichte von Mondiale (Teil 4\/6)"},"content":{"rendered":"\t\t<div data-elementor-type=\"wp-post\" data-elementor-id=\"17302\" class=\"elementor elementor-17302 elementor-12938\" data-elementor-post-type=\"news\">\n\t\t\t\t\t\t<section class=\"elementor-section elementor-top-section elementor-element elementor-element-4b09afc4 elementor-section-boxed elementor-section-height-default elementor-section-height-default\" data-id=\"4b09afc4\" data-element_type=\"section\" data-e-type=\"section\">\n\t\t\t\t\t\t<div class=\"elementor-container elementor-column-gap-default\">\n\t\t\t\t\t<div class=\"elementor-column elementor-col-100 elementor-top-column elementor-element elementor-element-64db7502\" data-id=\"64db7502\" data-element_type=\"column\" data-e-type=\"column\">\n\t\t\t<div class=\"elementor-widget-wrap elementor-element-populated\">\n\t\t\t\t\t\t<div class=\"elementor-element elementor-element-35138543 elementor-widget elementor-widget-text-editor\" data-id=\"35138543\" data-element_type=\"widget\" data-e-type=\"widget\" data-widget_type=\"text-editor.default\">\n\t\t\t\t<div class=\"elementor-widget-container\">\n\t\t\t\t\t\t\t\t\t<p><em>Die Firma Mondiale besteht seit fast 100 Jahren. Aber wussten Sie, dass unsere Urspr\u00fcnge viel weiter zur\u00fcck reichen? Bis ins Jahr 1860, um genau zu sein. Als das Familienunternehmen Fondu in Vilvoorde dazu beitrug, die Metallindustrie auf unsere Landkarte zu setzen. Seit 1921 tr\u00e4gt diese Firma den Namen Mondiale.<\/em><\/p>\n<p><em>Jahrzehntelang war Vilvoorde das schlagende Herz der Mondialisten. Dies ist die merkw\u00fcrdige und sch\u00f6ne Geschichte von Mondiale, in einer 6-teiligen Miniserie f\u00fcr Sie dokumentiert.<\/em><\/p>\n\t\t\t\t\t\t\t\t<\/div>\n\t\t\t\t<\/div>\n\t\t\t\t<div class=\"elementor-element elementor-element-5437436b elementor-widget elementor-widget-heading\" data-id=\"5437436b\" data-element_type=\"widget\" data-e-type=\"widget\" data-widget_type=\"heading.default\">\n\t\t\t\t<div class=\"elementor-widget-container\">\n\t\t\t\t\t<h2 class=\"elementor-heading-title elementor-size-default\">TEIL 4: 1936 bis 1980<\/h2>\t\t\t\t<\/div>\n\t\t\t\t<\/div>\n\t\t\t\t<section class=\"elementor-section elementor-inner-section elementor-element elementor-element-c1a1ea7 elementor-section-content-middle elementor-section-boxed elementor-section-height-default elementor-section-height-default\" data-id=\"c1a1ea7\" data-element_type=\"section\" data-e-type=\"section\">\n\t\t\t\t\t\t<div class=\"elementor-container elementor-column-gap-no\">\n\t\t\t\t\t<div class=\"elementor-column elementor-col-50 elementor-inner-column elementor-element elementor-element-0c85a7c\" data-id=\"0c85a7c\" data-element_type=\"column\" data-e-type=\"column\">\n\t\t\t<div class=\"elementor-widget-wrap elementor-element-populated\">\n\t\t\t\t\t\t<div class=\"elementor-element elementor-element-7a93c56 elementor-invisible elementor-widget elementor-widget-image\" data-id=\"7a93c56\" data-element_type=\"widget\" data-e-type=\"widget\" data-settings=\"{&quot;_animation&quot;:&quot;fadeIn&quot;}\" data-widget_type=\"image.default\">\n\t\t\t\t<div class=\"elementor-widget-container\">\n\t\t\t\t\t\t\t\t\t\t\t\t<figure class=\"wp-caption\">\n\t\t\t\t\t\t\t\t\t\t<img fetchpriority=\"high\" decoding=\"async\" width=\"768\" height=\"1000\" src=\"https:\/\/www.mondiale.be\/assets\/deel4.1-768x1000.jpg\" class=\"attachment-medium_large size-medium_large wp-image-16387\" alt=\"De populaire M-draaibanken van Mondiale\" srcset=\"https:\/\/www.mondiale.be\/assets\/deel4.1-768x1000.jpg 768w, https:\/\/www.mondiale.be\/assets\/deel4.1-737x960.jpg 737w, https:\/\/www.mondiale.be\/assets\/deel4.1-1475x1920.jpg 1475w, https:\/\/www.mondiale.be\/assets\/deel4.1-1180x1536.jpg 1180w, https:\/\/www.mondiale.be\/assets\/deel4.1-1573x2048.jpg 1573w, https:\/\/www.mondiale.be\/assets\/deel4.1-scaled.jpg 1966w\" sizes=\"(max-width: 768px) 100vw, 768px\" \/>\t\t\t\t\t\t\t\t\t\t\t<figcaption class=\"widget-image-caption wp-caption-text\">De populaire M-draaibanken van Mondiale<\/figcaption>\n\t\t\t\t\t\t\t\t\t\t<\/figure>\n\t\t\t\t\t\t\t\t\t<\/div>\n\t\t\t\t<\/div>\n\t\t\t\t\t<\/div>\n\t\t<\/div>\n\t\t\t\t<div class=\"elementor-column elementor-col-50 elementor-inner-column elementor-element elementor-element-cdac837\" data-id=\"cdac837\" data-element_type=\"column\" data-e-type=\"column\">\n\t\t\t<div class=\"elementor-widget-wrap elementor-element-populated\">\n\t\t\t\t\t\t<div class=\"elementor-element elementor-element-2f4f3ec elementor-widget elementor-widget-text-editor\" data-id=\"2f4f3ec\" data-element_type=\"widget\" data-e-type=\"widget\" data-widget_type=\"text-editor.default\">\n\t\t\t\t<div class=\"elementor-widget-container\">\n\t\t\t\t\t\t\t\t\t<p>Ab <strong>1936<\/strong> begann Mondiale mit der Produktion einer Vielzahl von <strong>Drehmaschinen<\/strong>.<\/p>\n<p>Zun\u00e4chst noch St\u00fcck f\u00fcr St\u00fcck, aber f\u00fcr das Modell &#8222;M&#8220; wurde <strong>1938<\/strong> ein <strong>Flie\u00dfband<\/strong> installiert.<\/p>\n<p>Diese <strong>M-Drehmaschinen<\/strong> waren \u00fcbrigens die ersten Drehmaschinen, die mit einem <strong>eigenen<\/strong> <strong>Motor<\/strong> ausger\u00fcstet waren. In den darauf folgenden 10 Jahren verlie\u00dfen <strong>Tausende<\/strong> das Band. Mondiale verkaufte sie <strong>weltweit<\/strong>.<\/p>\n\t\t\t\t\t\t\t\t<\/div>\n\t\t\t\t<\/div>\n\t\t\t\t\t<\/div>\n\t\t<\/div>\n\t\t\t\t\t<\/div>\n\t\t<\/section>\n\t\t\t\t<section class=\"elementor-section elementor-inner-section elementor-element elementor-element-7bf00166 elementor-section-content-middle elementor-reverse-tablet elementor-reverse-mobile elementor-section-boxed elementor-section-height-default elementor-section-height-default\" data-id=\"7bf00166\" data-element_type=\"section\" data-e-type=\"section\">\n\t\t\t\t\t\t<div class=\"elementor-container elementor-column-gap-no\">\n\t\t\t\t\t<div class=\"elementor-column elementor-col-50 elementor-inner-column elementor-element elementor-element-53003e5a\" data-id=\"53003e5a\" data-element_type=\"column\" data-e-type=\"column\">\n\t\t\t<div class=\"elementor-widget-wrap elementor-element-populated\">\n\t\t\t\t\t\t<div class=\"elementor-element elementor-element-7fc91e86 elementor-widget elementor-widget-heading\" data-id=\"7fc91e86\" data-element_type=\"widget\" data-e-type=\"widget\" data-widget_type=\"heading.default\">\n\t\t\t\t<div class=\"elementor-widget-container\">\n\t\t\t\t\t<h2 class=\"elementor-heading-title elementor-size-default\">Die turbulenten Kriegsjahre<\/h2>\t\t\t\t<\/div>\n\t\t\t\t<\/div>\n\t\t\t\t<div class=\"elementor-element elementor-element-658b28ac elementor-widget elementor-widget-text-editor\" data-id=\"658b28ac\" data-element_type=\"widget\" data-e-type=\"widget\" data-widget_type=\"text-editor.default\">\n\t\t\t\t<div class=\"elementor-widget-container\">\n\t\t\t\t\t\t\t\t\t<p>Als die <strong>Deutschen<\/strong> in unser Land einmarschierten, flohen einige Direktionsmitglieder und Mitarbeiter in eine Fabrik in <strong>Frankreich<\/strong>. Die Absicht war, das <strong>gesamte Inventar<\/strong> dorthin zu <strong>verlegen<\/strong>. Aber diese Pl\u00e4ne wurden <strong>durchkreuzt<\/strong>&#8230;<\/p>\n<p>Die <strong>Deutschen<\/strong> forderten die Mondiale-Fabrik in Vilvoorde und lie\u00dfen dort die <strong>RE-Drehmaschinen<\/strong> produzieren. Diese wurden nach Deutschland geliefert, h\u00f6chstwahrscheinlich f\u00fcr die <strong>Kriegsindustrie<\/strong>.<\/p>\n<p>Obwohl Vilvoorde im Zweiten Weltkrieg stark <strong>bombardiert<\/strong> wurde, blieb der Mondiale-Standort auf wundersame Weise <strong>verschont<\/strong>.<\/p>\n\t\t\t\t\t\t\t\t<\/div>\n\t\t\t\t<\/div>\n\t\t\t\t\t<\/div>\n\t\t<\/div>\n\t\t\t\t<div class=\"elementor-column elementor-col-50 elementor-inner-column elementor-element elementor-element-3a4a0c6d\" data-id=\"3a4a0c6d\" data-element_type=\"column\" data-e-type=\"column\">\n\t\t\t<div class=\"elementor-widget-wrap elementor-element-populated\">\n\t\t\t\t\t\t<div class=\"elementor-element elementor-element-29c92d50 elementor-invisible elementor-widget elementor-widget-image\" data-id=\"29c92d50\" data-element_type=\"widget\" data-e-type=\"widget\" data-settings=\"{&quot;_animation&quot;:&quot;fadeIn&quot;}\" data-widget_type=\"image.default\">\n\t\t\t\t<div class=\"elementor-widget-container\">\n\t\t\t\t\t\t\t\t\t\t\t\t<figure class=\"wp-caption\">\n\t\t\t\t\t\t\t\t\t\t<img decoding=\"async\" width=\"768\" height=\"597\" src=\"https:\/\/www.mondiale.be\/assets\/deel4.2-768x597.jpg\" class=\"attachment-medium_large size-medium_large wp-image-16392\" alt=\"Draaibank type &quot;RE&quot; die werd geproduceerd tussen 1941-46\" srcset=\"https:\/\/www.mondiale.be\/assets\/deel4.2-768x597.jpg 768w, https:\/\/www.mondiale.be\/assets\/deel4.2-960x746.jpg 960w, https:\/\/www.mondiale.be\/assets\/deel4.2-1920x1493.jpg 1920w, https:\/\/www.mondiale.be\/assets\/deel4.2-1536x1194.jpg 1536w, https:\/\/www.mondiale.be\/assets\/deel4.2-2048x1593.jpg 2048w\" sizes=\"(max-width: 768px) 100vw, 768px\" \/>\t\t\t\t\t\t\t\t\t\t\t<figcaption class=\"widget-image-caption wp-caption-text\">Draaibank type \"RE\" die werd geproduceerd tijdens WOII<\/figcaption>\n\t\t\t\t\t\t\t\t\t\t<\/figure>\n\t\t\t\t\t\t\t\t\t<\/div>\n\t\t\t\t<\/div>\n\t\t\t\t\t<\/div>\n\t\t<\/div>\n\t\t\t\t\t<\/div>\n\t\t<\/section>\n\t\t\t\t<div class=\"elementor-element elementor-element-18f5260 elementor-widget elementor-widget-heading\" data-id=\"18f5260\" data-element_type=\"widget\" data-e-type=\"widget\" data-widget_type=\"heading.default\">\n\t\t\t\t<div class=\"elementor-widget-container\">\n\t\t\t\t\t<h2 class=\"elementor-heading-title elementor-size-default\">Die 50er Jahre<\/h2>\t\t\t\t<\/div>\n\t\t\t\t<\/div>\n\t\t\t\t<div class=\"elementor-element elementor-element-56d94dc elementor-widget elementor-widget-text-editor\" data-id=\"56d94dc\" data-element_type=\"widget\" data-e-type=\"widget\" data-widget_type=\"text-editor.default\">\n\t\t\t\t<div class=\"elementor-widget-container\">\n\t\t\t\t\t\t\t\t\t<p>Kurz nach dem Krieg entwickelte Mondiale ein v\u00f6llig <strong>neues Produkt<\/strong>: der Variator oder &#8222;<strong>variateur<\/strong>&#8222;. Damit wurde die Geschwindigkeit jeder Maschine sehr <strong>einfach<\/strong> <strong>beschleunigt<\/strong> oder <strong>verlangsamt<\/strong>. Dies war eine beliebte Option der <strong>V-Drehmaschine<\/strong>, Nachfolger der M-Drehmaschine.<\/p>\n\t\t\t\t\t\t\t\t<\/div>\n\t\t\t\t<\/div>\n\t\t\t\t<div class=\"elementor-element elementor-element-251b840e elementor-invisible elementor-widget elementor-widget-image\" data-id=\"251b840e\" data-element_type=\"widget\" data-e-type=\"widget\" data-settings=\"{&quot;_animation&quot;:&quot;fadeIn&quot;}\" data-widget_type=\"image.default\">\n\t\t\t\t<div class=\"elementor-widget-container\">\n\t\t\t\t\t\t\t\t\t\t\t\t<figure class=\"wp-caption\">\n\t\t\t\t\t\t\t\t\t\t<img decoding=\"async\" width=\"800\" height=\"628\" src=\"https:\/\/www.mondiale.be\/assets\/deel4.3-1920x1506.jpg\" class=\"attachment-large size-large wp-image-16397\" alt=\"Zicht op \u00e9\u00e9n van de Mondiale werkplaatsen\" srcset=\"https:\/\/www.mondiale.be\/assets\/deel4.3-1920x1506.jpg 1920w, https:\/\/www.mondiale.be\/assets\/deel4.3-960x753.jpg 960w, https:\/\/www.mondiale.be\/assets\/deel4.3-768x603.jpg 768w, https:\/\/www.mondiale.be\/assets\/deel4.3-1536x1205.jpg 1536w, https:\/\/www.mondiale.be\/assets\/deel4.3-2048x1607.jpg 2048w\" sizes=\"(max-width: 800px) 100vw, 800px\" \/>\t\t\t\t\t\t\t\t\t\t\t<figcaption class=\"widget-image-caption wp-caption-text\">Zicht op \u00e9\u00e9n van de Mondiale werkplaatsen<\/figcaption>\n\t\t\t\t\t\t\t\t\t\t<\/figure>\n\t\t\t\t\t\t\t\t\t<\/div>\n\t\t\t\t<\/div>\n\t\t\t\t<div class=\"elementor-element elementor-element-d8efaba elementor-widget elementor-widget-text-editor\" data-id=\"d8efaba\" data-element_type=\"widget\" data-e-type=\"widget\" data-widget_type=\"text-editor.default\">\n\t\t\t\t<div class=\"elementor-widget-container\">\n\t\t\t\t\t\t\t\t\t<p><strong>Mondiale<\/strong> besch\u00e4ftigte in dieser Periode mindestens <strong>500 Mitarbeiter<\/strong> und exportierte 80 bis 90% ihrer Drehmaschinen. Vor allem <strong>technische<\/strong> <strong>Schulen<\/strong> waren zu dieser Zeit ein wichtiger Abnehmer. Nach und nach kamen <strong>mehrere Modelle<\/strong> gleichzeitig auf den Markt, wie die <strong>Simplex<\/strong>, die <strong>Viking<\/strong> und sp\u00e4ter die <strong>Selectronic<\/strong>.<\/p>\n\t\t\t\t\t\t\t\t<\/div>\n\t\t\t\t<\/div>\n\t\t\t\t<div class=\"elementor-element elementor-element-48d809b5 elementor-widget elementor-widget-heading\" data-id=\"48d809b5\" data-element_type=\"widget\" data-e-type=\"widget\" data-widget_type=\"heading.default\">\n\t\t\t\t<div class=\"elementor-widget-container\">\n\t\t\t\t\t<h2 class=\"elementor-heading-title elementor-size-default\">Von 1960 bis 1970<\/h2>\t\t\t\t<\/div>\n\t\t\t\t<\/div>\n\t\t\t\t<div class=\"elementor-element elementor-element-cea0173 elementor-widget elementor-widget-text-editor\" data-id=\"cea0173\" data-element_type=\"widget\" data-e-type=\"widget\" data-widget_type=\"text-editor.default\">\n\t\t\t\t<div class=\"elementor-widget-container\">\n\t\t\t\t\t\t\t\t\t<p>Wirklich <strong>goldene Zeiten<\/strong> erlebte das Unternehmen jedoch erst, als der Handel innerhalb <strong>Europas von Mauten befreit <\/strong>wurde. Mit ihrer neuesten Drehmaschine, <strong>die<\/strong> <strong>CELTIC 14<\/strong>, hat Mondiale von dort aus wirklich die ganze Welt erobert.<\/p>\n\t\t\t\t\t\t\t\t<\/div>\n\t\t\t\t<\/div>\n\t\t\t\t<div class=\"elementor-element elementor-element-1d5d6628 elementor-invisible elementor-widget elementor-widget-image\" data-id=\"1d5d6628\" data-element_type=\"widget\" data-e-type=\"widget\" data-settings=\"{&quot;_animation&quot;:&quot;fadeIn&quot;}\" data-widget_type=\"image.default\">\n\t\t\t\t<div class=\"elementor-widget-container\">\n\t\t\t\t\t\t\t\t\t\t\t\t<figure class=\"wp-caption\">\n\t\t\t\t\t\t\t\t\t\t<img loading=\"lazy\" decoding=\"async\" width=\"800\" height=\"455\" src=\"https:\/\/www.mondiale.be\/assets\/deel4.4-1920x1093.jpg\" class=\"attachment-large size-large wp-image-16402\" alt=\"Links: Mondiale Celtic 14 - Rechts: freesmachine Delta\" srcset=\"https:\/\/www.mondiale.be\/assets\/deel4.4-1920x1093.jpg 1920w, https:\/\/www.mondiale.be\/assets\/deel4.4-960x547.jpg 960w, https:\/\/www.mondiale.be\/assets\/deel4.4-768x437.jpg 768w, https:\/\/www.mondiale.be\/assets\/deel4.4-1536x875.jpg 1536w, https:\/\/www.mondiale.be\/assets\/deel4.4-2048x1166.jpg 2048w\" sizes=\"(max-width: 800px) 100vw, 800px\" \/>\t\t\t\t\t\t\t\t\t\t\t<figcaption class=\"widget-image-caption wp-caption-text\">Links: Mondiale Celtic 14 - Rechts: freesmachine Delta<\/figcaption>\n\t\t\t\t\t\t\t\t\t\t<\/figure>\n\t\t\t\t\t\t\t\t\t<\/div>\n\t\t\t\t<\/div>\n\t\t\t\t<div class=\"elementor-element elementor-element-2e037aa elementor-widget elementor-widget-text-editor\" data-id=\"2e037aa\" data-element_type=\"widget\" data-e-type=\"widget\" data-widget_type=\"text-editor.default\">\n\t\t\t\t<div class=\"elementor-widget-container\">\n\t\t\t\t\t\t\t\t\t<p>Sp\u00e4ter folgte die ebenso beliebte <strong>GALLIC-Serie<\/strong>. Noch sp\u00e4ter kamen auch die Fr\u00e4smaschinen dazu: die <strong>DELTAS<\/strong> und die <strong>VIKINGS<\/strong>. Und mit der <strong>GALLICOP<\/strong> kam 1966 die erste (halb-) automatische Drehmaschine ins Sortiment.<\/p>\n\t\t\t\t\t\t\t\t<\/div>\n\t\t\t\t<\/div>\n\t\t\t\t<section class=\"elementor-section elementor-inner-section elementor-element elementor-element-7c6a5b86 elementor-section-content-middle elementor-section-boxed elementor-section-height-default elementor-section-height-default\" data-id=\"7c6a5b86\" data-element_type=\"section\" data-e-type=\"section\">\n\t\t\t\t\t\t<div class=\"elementor-container elementor-column-gap-no\">\n\t\t\t\t\t<div class=\"elementor-column elementor-col-50 elementor-inner-column elementor-element elementor-element-40eaa3d5\" data-id=\"40eaa3d5\" data-element_type=\"column\" data-e-type=\"column\">\n\t\t\t<div class=\"elementor-widget-wrap elementor-element-populated\">\n\t\t\t\t\t\t<div class=\"elementor-element elementor-element-774ef450 elementor-invisible elementor-widget elementor-widget-image\" data-id=\"774ef450\" data-element_type=\"widget\" data-e-type=\"widget\" data-settings=\"{&quot;_animation&quot;:&quot;fadeIn&quot;}\" data-widget_type=\"image.default\">\n\t\t\t\t<div class=\"elementor-widget-container\">\n\t\t\t\t\t\t\t\t\t\t\t\t<figure class=\"wp-caption\">\n\t\t\t\t\t\t\t\t\t\t<img loading=\"lazy\" decoding=\"async\" width=\"768\" height=\"494\" src=\"https:\/\/www.mondiale.be\/assets\/deel4.5-768x494.jpg\" class=\"attachment-medium_large size-medium_large wp-image-16407\" alt=\"Links: freesmachine Viking 3-MA - Rechts: draaibank Gallicop\" srcset=\"https:\/\/www.mondiale.be\/assets\/deel4.5-768x494.jpg 768w, https:\/\/www.mondiale.be\/assets\/deel4.5-960x618.jpg 960w, https:\/\/www.mondiale.be\/assets\/deel4.5-1920x1235.jpg 1920w, https:\/\/www.mondiale.be\/assets\/deel4.5-1536x988.jpg 1536w, https:\/\/www.mondiale.be\/assets\/deel4.5-2048x1317.jpg 2048w\" sizes=\"(max-width: 768px) 100vw, 768px\" \/>\t\t\t\t\t\t\t\t\t\t\t<figcaption class=\"widget-image-caption wp-caption-text\">Links: freesmachine Viking 3-MA - Rechts: draaibank Gallicop<\/figcaption>\n\t\t\t\t\t\t\t\t\t\t<\/figure>\n\t\t\t\t\t\t\t\t\t<\/div>\n\t\t\t\t<\/div>\n\t\t\t\t\t<\/div>\n\t\t<\/div>\n\t\t\t\t<div class=\"elementor-column elementor-col-50 elementor-inner-column elementor-element elementor-element-721b0094\" data-id=\"721b0094\" data-element_type=\"column\" data-e-type=\"column\">\n\t\t\t<div class=\"elementor-widget-wrap elementor-element-populated\">\n\t\t\t\t\t\t<div class=\"elementor-element elementor-element-78fb3560 elementor-widget elementor-widget-text-editor\" data-id=\"78fb3560\" data-element_type=\"widget\" data-e-type=\"widget\" data-widget_type=\"text-editor.default\">\n\t\t\t\t<div class=\"elementor-widget-container\">\n\t\t\t\t\t\t\t\t\t<p>Eine Maschine von Mondiale war nicht nur <strong>funktional<\/strong>, sondern auch ein echter <strong>Hingucker<\/strong> in der Werkstatt. Aus diesem Grund hat Mondiale mehrfach das <strong>G\u00fctesiegel Le Signe d&#8217;Or<\/strong> (das goldene Markenzeichen) vom Belgischen Institut f\u00fcr Industriedesign erhalten.<\/p>\n\t\t\t\t\t\t\t\t<\/div>\n\t\t\t\t<\/div>\n\t\t\t\t\t<\/div>\n\t\t<\/div>\n\t\t\t\t\t<\/div>\n\t\t<\/section>\n\t\t\t\t<section class=\"elementor-section elementor-inner-section elementor-element elementor-element-20f2727 elementor-section-content-middle elementor-reverse-tablet elementor-reverse-mobile elementor-section-boxed elementor-section-height-default elementor-section-height-default\" data-id=\"20f2727\" data-element_type=\"section\" data-e-type=\"section\">\n\t\t\t\t\t\t<div class=\"elementor-container elementor-column-gap-no\">\n\t\t\t\t\t<div class=\"elementor-column elementor-col-50 elementor-inner-column elementor-element elementor-element-acd273d\" data-id=\"acd273d\" data-element_type=\"column\" data-e-type=\"column\">\n\t\t\t<div class=\"elementor-widget-wrap elementor-element-populated\">\n\t\t\t\t\t\t<div class=\"elementor-element elementor-element-6c2941c elementor-widget elementor-widget-heading\" data-id=\"6c2941c\" data-element_type=\"widget\" data-e-type=\"widget\" data-widget_type=\"heading.default\">\n\t\t\t\t<div class=\"elementor-widget-container\">\n\t\t\t\t\t<h2 class=\"elementor-heading-title elementor-size-default\">Mondiale im Bildungswesen<\/h2>\t\t\t\t<\/div>\n\t\t\t\t<\/div>\n\t\t\t\t<div class=\"elementor-element elementor-element-dc897e3 elementor-widget elementor-widget-text-editor\" data-id=\"dc897e3\" data-element_type=\"widget\" data-e-type=\"widget\" data-widget_type=\"text-editor.default\">\n\t\t\t\t<div class=\"elementor-widget-container\">\n\t\t\t\t\t\t\t\t\t<p>Bis in die 70er Jahre lieferte Mondiale <strong>in gro\u00dfem Umfang<\/strong> Dreh- und Fr\u00e4smaschinen an <strong>technische Schulen<\/strong> im In- und Ausland.<\/p>\n<p>Es wurde selbst vom Modell <strong>Simplex<\/strong> eine spezielle Version f\u00fcr das Bildungswesen hergestellt.<\/p>\n<p>Dar\u00fcber hinaus entwickelte Mondiale mit den Ger\u00e4ten <strong>&#8222;Tic-Tac&#8220;<\/strong> und <strong>&#8222;Didacton&#8220;<\/strong> wertvolle <strong>didaktische Hilfsmittel<\/strong> f\u00fcr den praktischen Unterricht. Und die Firma hatte auch eine Partnerschaft mit dem damaligen <strong>BRT<\/strong> f\u00fcr die Ausstrahlung des <strong>Schulfernsehens<\/strong>.<\/p>\n\t\t\t\t\t\t\t\t<\/div>\n\t\t\t\t<\/div>\n\t\t\t\t\t<\/div>\n\t\t<\/div>\n\t\t\t\t<div class=\"elementor-column elementor-col-50 elementor-inner-column elementor-element elementor-element-6f84c5b\" data-id=\"6f84c5b\" data-element_type=\"column\" data-e-type=\"column\">\n\t\t\t<div class=\"elementor-widget-wrap elementor-element-populated\">\n\t\t\t\t\t\t<div class=\"elementor-element elementor-element-a03e722 elementor-invisible elementor-widget elementor-widget-image\" data-id=\"a03e722\" data-element_type=\"widget\" data-e-type=\"widget\" data-settings=\"{&quot;_animation&quot;:&quot;fadeIn&quot;}\" data-widget_type=\"image.default\">\n\t\t\t\t<div class=\"elementor-widget-container\">\n\t\t\t\t\t\t\t\t\t\t\t\t<figure class=\"wp-caption\">\n\t\t\t\t\t\t\t\t\t\t<img loading=\"lazy\" decoding=\"async\" width=\"768\" height=\"1076\" src=\"https:\/\/www.mondiale.be\/assets\/deel4.6-768x1076.jpg\" class=\"attachment-medium_large size-medium_large wp-image-16412\" alt=\"Model Simplex, speciaal gebouwd voor het Technisch Onderwijs\" srcset=\"https:\/\/www.mondiale.be\/assets\/deel4.6-768x1076.jpg 768w, https:\/\/www.mondiale.be\/assets\/deel4.6-685x960.jpg 685w, https:\/\/www.mondiale.be\/assets\/deel4.6-1370x1920.jpg 1370w, https:\/\/www.mondiale.be\/assets\/deel4.6-1096x1536.jpg 1096w, https:\/\/www.mondiale.be\/assets\/deel4.6-1461x2048.jpg 1461w, https:\/\/www.mondiale.be\/assets\/deel4.6.jpg 1805w\" sizes=\"(max-width: 768px) 100vw, 768px\" \/>\t\t\t\t\t\t\t\t\t\t\t<figcaption class=\"widget-image-caption wp-caption-text\">Model Simplex, speciaal gebouwd voor het Technisch Onderwijs<\/figcaption>\n\t\t\t\t\t\t\t\t\t\t<\/figure>\n\t\t\t\t\t\t\t\t\t<\/div>\n\t\t\t\t<\/div>\n\t\t\t\t\t<\/div>\n\t\t<\/div>\n\t\t\t\t\t<\/div>\n\t\t<\/section>\n\t\t\t\t<section class=\"elementor-section elementor-inner-section elementor-element elementor-element-4268aa2 elementor-section-content-middle elementor-section-boxed elementor-section-height-default elementor-section-height-default\" data-id=\"4268aa2\" data-element_type=\"section\" data-e-type=\"section\">\n\t\t\t\t\t\t<div class=\"elementor-container elementor-column-gap-no\">\n\t\t\t\t\t<div class=\"elementor-column elementor-col-50 elementor-inner-column elementor-element elementor-element-cd35770\" data-id=\"cd35770\" data-element_type=\"column\" data-e-type=\"column\">\n\t\t\t<div class=\"elementor-widget-wrap elementor-element-populated\">\n\t\t\t\t\t\t<div class=\"elementor-element elementor-element-ba8fe06 elementor-invisible elementor-widget elementor-widget-image\" data-id=\"ba8fe06\" data-element_type=\"widget\" data-e-type=\"widget\" data-settings=\"{&quot;_animation&quot;:&quot;fadeIn&quot;}\" data-widget_type=\"image.default\">\n\t\t\t\t<div class=\"elementor-widget-container\">\n\t\t\t\t\t\t\t\t\t\t\t\t<figure class=\"wp-caption\">\n\t\t\t\t\t\t\t\t\t\t<img loading=\"lazy\" decoding=\"async\" width=\"768\" height=\"956\" src=\"https:\/\/www.mondiale.be\/assets\/deel4.7-768x956.jpg\" class=\"attachment-medium_large size-medium_large wp-image-16417\" alt=\"Emile Delataille, 44 jaar lang Directeur-G\u00e9n\u00e9ral van Mondiale\" srcset=\"https:\/\/www.mondiale.be\/assets\/deel4.7-768x956.jpg 768w, https:\/\/www.mondiale.be\/assets\/deel4.7-771x960.jpg 771w, https:\/\/www.mondiale.be\/assets\/deel4.7-1542x1920.jpg 1542w, https:\/\/www.mondiale.be\/assets\/deel4.7-1234x1536.jpg 1234w, https:\/\/www.mondiale.be\/assets\/deel4.7-1645x2048.jpg 1645w\" sizes=\"(max-width: 768px) 100vw, 768px\" \/>\t\t\t\t\t\t\t\t\t\t\t<figcaption class=\"widget-image-caption wp-caption-text\">Emile Delataille, 44 jaar lang Directeur-G\u00e9n\u00e9ral van Mondiale<\/figcaption>\n\t\t\t\t\t\t\t\t\t\t<\/figure>\n\t\t\t\t\t\t\t\t\t<\/div>\n\t\t\t\t<\/div>\n\t\t\t\t\t<\/div>\n\t\t<\/div>\n\t\t\t\t<div class=\"elementor-column elementor-col-50 elementor-inner-column elementor-element elementor-element-0a3764f\" data-id=\"0a3764f\" data-element_type=\"column\" data-e-type=\"column\">\n\t\t\t<div class=\"elementor-widget-wrap elementor-element-populated\">\n\t\t\t\t\t\t<div class=\"elementor-element elementor-element-0d80b17 elementor-widget elementor-widget-heading\" data-id=\"0d80b17\" data-element_type=\"widget\" data-e-type=\"widget\" data-widget_type=\"heading.default\">\n\t\t\t\t<div class=\"elementor-widget-container\">\n\t\t\t\t\t<h2 class=\"elementor-heading-title elementor-size-default\">Von 1970 bis 1980<\/h2>\t\t\t\t<\/div>\n\t\t\t\t<\/div>\n\t\t\t\t<div class=\"elementor-element elementor-element-e85e73d elementor-widget elementor-widget-text-editor\" data-id=\"e85e73d\" data-element_type=\"widget\" data-e-type=\"widget\" data-widget_type=\"text-editor.default\">\n\t\t\t\t<div class=\"elementor-widget-container\">\n\t\t\t\t\t\t\t\t\t<p>Die ganze Zeit \u00fcber wurde Mondiale von Herrn <strong>Emile Delataille<\/strong> (geboren 1898) <strong>professionell<\/strong> durch ihre H\u00f6hen und Tiefen gef\u00fchrt. Er war 44 Jahre lang <strong>Generaldirektor<\/strong> bis zu seinem Tod <strong>1975<\/strong>.<\/p>\n<p>Bis zu diesem Zeitpunkt hat das Unternehmen &#8211; inzwischen <strong>&#8222;Mondiale NV&#8220;<\/strong> &#8211; auch die Launen des Marktes gut \u00fcberstanden. Aber die <strong>\u00d6lkrise von 1974<\/strong> hat das Blatt unwiderruflich gewendet.<\/p>\n<p>Mondiale k\u00e4mpfte zunehmend gegen die <strong>Konkurrenz<\/strong> aus <strong>Niedriglohnl\u00e4ndern<\/strong> und konzentrierte sich nicht sofort auf numerisch gesteuerte Drehmaschinen.<\/p>\n<p>Der Umsatz ging drastisch zur\u00fcck, und ab <strong>1977<\/strong> wurde die Situation <strong>kritisch<\/strong>.<\/p>\n<p>Eine gerichtliche Einigung, eine <strong>interne<\/strong> <strong>Reorganisation<\/strong> und sogar ein staatliches <strong>Unterst\u00fctzungsprogramm<\/strong> waren alle ohne Erfolg.<\/p>\n\t\t\t\t\t\t\t\t<\/div>\n\t\t\t\t<\/div>\n\t\t\t\t\t<\/div>\n\t\t<\/div>\n\t\t\t\t\t<\/div>\n\t\t<\/section>\n\t\t\t\t<section class=\"elementor-section elementor-inner-section elementor-element elementor-element-2fea228 elementor-section-content-middle elementor-reverse-tablet elementor-reverse-mobile elementor-section-boxed elementor-section-height-default elementor-section-height-default\" data-id=\"2fea228\" data-element_type=\"section\" data-e-type=\"section\">\n\t\t\t\t\t\t<div class=\"elementor-container elementor-column-gap-no\">\n\t\t\t\t\t<div class=\"elementor-column elementor-col-50 elementor-inner-column elementor-element elementor-element-d216d69\" data-id=\"d216d69\" data-element_type=\"column\" data-e-type=\"column\">\n\t\t\t<div class=\"elementor-widget-wrap elementor-element-populated\">\n\t\t\t\t\t\t<div class=\"elementor-element elementor-element-49f6919 elementor-widget elementor-widget-text-editor\" data-id=\"49f6919\" data-element_type=\"widget\" data-e-type=\"widget\" data-widget_type=\"text-editor.default\">\n\t\t\t\t<div class=\"elementor-widget-container\">\n\t\t\t\t\t\t\t\t\t<p>Im September <strong>1980<\/strong> wurde der <strong>Konkurs<\/strong> angemeldet. Arbeiter <strong>blockierten<\/strong> darauf die Autobahn Br\u00fcssel-Mechelen in der Hoffnung, noch etwas von der Regierung zu bekommen.<\/p>\n<p>Aber leider&#8230; <strong>266<\/strong> Mitarbeiter <strong>verloren<\/strong> ihre Stelle. Und Belgien verlor einen ihrer besten Hersteller von Werkzeugmaschinen.<\/p>\n<p>Oder doch nicht?<\/p>\n<p>Sie k\u00f6nnen das im n\u00e4chsten Teil dieser wunderbaren Mondiale-Geschichte lesen!<\/p>\n\t\t\t\t\t\t\t\t<\/div>\n\t\t\t\t<\/div>\n\t\t\t\t\t<\/div>\n\t\t<\/div>\n\t\t\t\t<div class=\"elementor-column elementor-col-50 elementor-inner-column elementor-element elementor-element-6146c8f\" data-id=\"6146c8f\" data-element_type=\"column\" data-e-type=\"column\">\n\t\t\t<div class=\"elementor-widget-wrap elementor-element-populated\">\n\t\t\t\t\t\t<div class=\"elementor-element elementor-element-2070ce1 elementor-invisible elementor-widget elementor-widget-image\" data-id=\"2070ce1\" data-element_type=\"widget\" data-e-type=\"widget\" data-settings=\"{&quot;_animation&quot;:&quot;fadeIn&quot;}\" data-widget_type=\"image.default\">\n\t\t\t\t<div class=\"elementor-widget-container\">\n\t\t\t\t\t\t\t\t\t\t\t\t<figure class=\"wp-caption\">\n\t\t\t\t\t\t\t\t\t\t<img loading=\"lazy\" decoding=\"async\" width=\"768\" height=\"601\" src=\"https:\/\/www.mondiale.be\/assets\/deel4.8-768x601.jpg\" class=\"attachment-medium_large size-medium_large wp-image-16422\" alt=\"Werknemers van Mondiale blokkeren de weg\" srcset=\"https:\/\/www.mondiale.be\/assets\/deel4.8-768x601.jpg 768w, https:\/\/www.mondiale.be\/assets\/deel4.8-960x752.jpg 960w, https:\/\/www.mondiale.be\/assets\/deel4.8-1920x1503.jpg 1920w, https:\/\/www.mondiale.be\/assets\/deel4.8-1536x1202.jpg 1536w, https:\/\/www.mondiale.be\/assets\/deel4.8-2048x1603.jpg 2048w\" sizes=\"(max-width: 768px) 100vw, 768px\" \/>\t\t\t\t\t\t\t\t\t\t\t<figcaption class=\"widget-image-caption wp-caption-text\">Werknemers van Mondiale blokkeren de weg <\/figcaption>\n\t\t\t\t\t\t\t\t\t\t<\/figure>\n\t\t\t\t\t\t\t\t\t<\/div>\n\t\t\t\t<\/div>\n\t\t\t\t\t<\/div>\n\t\t<\/div>\n\t\t\t\t\t<\/div>\n\t\t<\/section>\n\t\t\t\t<div class=\"elementor-element elementor-element-4d7c225 elementor-widget elementor-widget-spacer\" data-id=\"4d7c225\" data-element_type=\"widget\" data-e-type=\"widget\" data-widget_type=\"spacer.default\">\n\t\t\t\t<div class=\"elementor-widget-container\">\n\t\t\t\t\t\t\t<div class=\"elementor-spacer\">\n\t\t\t<div class=\"elementor-spacer-inner\"><\/div>\n\t\t<\/div>\n\t\t\t\t\t\t<\/div>\n\t\t\t\t<\/div>\n\t\t\t\t<section class=\"elementor-section elementor-inner-section elementor-element elementor-element-258b2459 elementor-section-content-middle elementor-section-boxed elementor-section-height-default elementor-section-height-default\" data-id=\"258b2459\" data-element_type=\"section\" data-e-type=\"section\">\n\t\t\t\t\t\t<div class=\"elementor-container elementor-column-gap-no\">\n\t\t\t\t\t<div class=\"elementor-column elementor-col-50 elementor-inner-column elementor-element elementor-element-5ee511cf\" data-id=\"5ee511cf\" data-element_type=\"column\" data-e-type=\"column\">\n\t\t\t<div class=\"elementor-widget-wrap elementor-element-populated\">\n\t\t\t\t\t\t<div class=\"elementor-element elementor-element-7bc7d213 elementor-widget elementor-widget-text-editor\" data-id=\"7bc7d213\" data-element_type=\"widget\" data-e-type=\"widget\" data-widget_type=\"text-editor.default\">\n\t\t\t\t<div class=\"elementor-widget-container\">\n\t\t\t\t\t\t\t\t\t<p><strong>Die Geschichte von Mondiale (Teil 5\/6)<\/strong><\/p>\n\t\t\t\t\t\t\t\t<\/div>\n\t\t\t\t<\/div>\n\t\t\t\t\t<\/div>\n\t\t<\/div>\n\t\t\t\t<div class=\"elementor-column elementor-col-50 elementor-inner-column elementor-element elementor-element-3c8d520a\" data-id=\"3c8d520a\" data-element_type=\"column\" data-e-type=\"column\">\n\t\t\t<div class=\"elementor-widget-wrap elementor-element-populated\">\n\t\t\t\t\t\t<div class=\"elementor-element elementor-element-648e1414 elementor-align-right elementor-mobile-align-justify elementor-widget elementor-widget-button\" data-id=\"648e1414\" data-element_type=\"widget\" data-e-type=\"widget\" data-widget_type=\"button.default\">\n\t\t\t\t<div class=\"elementor-widget-container\">\n\t\t\t\t\t\t\t\t\t<div class=\"elementor-button-wrapper\">\n\t\t\t\t\t<a class=\"elementor-button elementor-size-md\" role=\"button\">\n\t\t\t\t\t\t<span class=\"elementor-button-content-wrapper\">\n\t\t\t\t\t\t\t\t\t<span class=\"elementor-button-text\">MEHR DAZU &raquo;<\/span>\n\t\t\t\t\t<\/span>\n\t\t\t\t\t<\/a>\n\t\t\t\t<\/div>\n\t\t\t\t\t\t\t\t<\/div>\n\t\t\t\t<\/div>\n\t\t\t\t\t<\/div>\n\t\t<\/div>\n\t\t\t\t\t<\/div>\n\t\t<\/section>\n\t\t\t\t<div class=\"elementor-element elementor-element-1ad8d765 elementor-widget-divider--view-line elementor-widget elementor-widget-divider\" data-id=\"1ad8d765\" data-element_type=\"widget\" data-e-type=\"widget\" data-widget_type=\"divider.default\">\n\t\t\t\t<div class=\"elementor-widget-container\">\n\t\t\t\t\t\t\t<div class=\"elementor-divider\">\n\t\t\t<span class=\"elementor-divider-separator\">\n\t\t\t\t\t\t<\/span>\n\t\t<\/div>\n\t\t\t\t\t\t<\/div>\n\t\t\t\t<\/div>\n\t\t\t\t<div class=\"elementor-element elementor-element-3edff37e elementor-widget elementor-widget-text-editor\" data-id=\"3edff37e\" data-element_type=\"widget\" data-e-type=\"widget\" data-widget_type=\"text-editor.default\">\n\t\t\t\t<div class=\"elementor-widget-container\">\n\t\t\t\t\t\t\t\t\t<p><strong>Quelle:<\/strong> STAPPERS, M. (1998). Die merkw\u00fcrdige Geschichte eines Metallbauunternehmers in Vilvoorde &#8211; 1860-1989. Vilvoorde, Dupress Vilvoorde.<\/p>\n\t\t\t\t\t\t\t\t<\/div>\n\t\t\t\t<\/div>\n\t\t\t\t\t<\/div>\n\t\t<\/div>\n\t\t\t\t\t<\/div>\n\t\t<\/section>\n\t\t\t\t<\/div>\n\t\t","protected":false},"excerpt":{"rendered":"<p>Die Firma Mondiale besteht seit fast 100 Jahren. Aber wussten Sie, dass unsere Urspr\u00fcnge viel weiter zur\u00fcck reichen? Bis ins Jahr 1860, um genau zu sein. Als das Familienunternehmen Fondu in Vilvoorde dazu beitrug, die Metallindustrie auf unsere Landkarte zu setzen. Seit 1921 tr\u00e4gt diese Firma den Namen Mondiale. Jahrzehntelang war Vilvoorde das schlagende Herz [&hellip;]<\/p>\n","protected":false},"author":3,"featured_media":16397,"template":"","news_category":[697],"class_list":["post-17302","news","type-news","status-publish","has-post-thumbnail","hentry","news_category-geschichte"],"acf":[],"yoast_head":"<!-- This site is optimized with the Yoast SEO plugin v27.5 - https:\/\/yoast.com\/product\/yoast-seo-wordpress\/ -->\n<title>Die Geschichte von Mondiale (Teil 4\/6) - Mondiale 100. Jahrestag<\/title>\n<meta name=\"description\" content=\"Die Geschichte von Mondiale Teil 4\/6, 1936 - 1980: Drehmaschinen werden global, die goldenen 60er Jahre und die harte Konkurrenz aus Niedriglohnl\u00e4ndern.\" \/>\n<meta name=\"robots\" content=\"index, follow, max-snippet:-1, max-image-preview:large, max-video-preview:-1\" \/>\n<link rel=\"canonical\" href=\"https:\/\/www.mondiale.be\/de\/nachrichten\/die-geschichte-von-mondiale-teil-4-6\/\" \/>\n<meta property=\"og:locale\" content=\"de_DE\" \/>\n<meta property=\"og:type\" content=\"article\" \/>\n<meta property=\"og:title\" content=\"Die Geschichte von Mondiale (Teil 4\/6) - Mondiale 100. Jahrestag\" \/>\n<meta property=\"og:description\" content=\"Die Geschichte von Mondiale Teil 4\/6, 1936 - 1980: Drehmaschinen werden global, die goldenen 60er Jahre und die harte Konkurrenz aus Niedriglohnl\u00e4ndern.\" \/>\n<meta property=\"og:url\" content=\"https:\/\/www.mondiale.be\/de\/nachrichten\/die-geschichte-von-mondiale-teil-4-6\/\" \/>\n<meta property=\"og:site_name\" content=\"Mondiale\" \/>\n<meta property=\"article:publisher\" content=\"https:\/\/www.facebook.com\/mondialenv\/\" \/>\n<meta property=\"article:modified_time\" content=\"2020-07-06T15:25:54+00:00\" \/>\n<meta property=\"og:image\" content=\"https:\/\/www.mondiale.be\/assets\/deel4.3.jpg\" \/>\n<meta name=\"twitter:card\" content=\"summary_large_image\" \/>\n<meta name=\"twitter:label1\" content=\"Gesch\u00e4tzte Lesezeit\" \/>\n\t<meta name=\"twitter:data1\" content=\"4\u00a0Minuten\" \/>\n<script type=\"application\/ld+json\" class=\"yoast-schema-graph\">{\"@context\":\"https:\\\/\\\/schema.org\",\"@graph\":[{\"@type\":\"WebPage\",\"@id\":\"https:\\\/\\\/www.mondiale.be\\\/de\\\/nachrichten\\\/die-geschichte-von-mondiale-teil-4-6\\\/\",\"url\":\"https:\\\/\\\/www.mondiale.be\\\/de\\\/nachrichten\\\/die-geschichte-von-mondiale-teil-4-6\\\/\",\"name\":\"Die Geschichte von Mondiale (Teil 4\\\/6) - Mondiale 100. Jahrestag\",\"isPartOf\":{\"@id\":\"https:\\\/\\\/www.mondiale.be\\\/de\\\/#website\"},\"primaryImageOfPage\":{\"@id\":\"https:\\\/\\\/www.mondiale.be\\\/de\\\/nachrichten\\\/die-geschichte-von-mondiale-teil-4-6\\\/#primaryimage\"},\"image\":{\"@id\":\"https:\\\/\\\/www.mondiale.be\\\/de\\\/nachrichten\\\/die-geschichte-von-mondiale-teil-4-6\\\/#primaryimage\"},\"thumbnailUrl\":\"https:\\\/\\\/www.mondiale.be\\\/assets\\\/deel4.3.jpg\",\"datePublished\":\"2020-04-07T09:03:59+00:00\",\"dateModified\":\"2020-07-06T15:25:54+00:00\",\"description\":\"Die Geschichte von Mondiale Teil 4\\\/6, 1936 - 1980: Drehmaschinen werden global, die goldenen 60er Jahre und die harte Konkurrenz aus Niedriglohnl\u00e4ndern.\",\"breadcrumb\":{\"@id\":\"https:\\\/\\\/www.mondiale.be\\\/de\\\/nachrichten\\\/die-geschichte-von-mondiale-teil-4-6\\\/#breadcrumb\"},\"inLanguage\":\"de\",\"potentialAction\":[{\"@type\":\"ReadAction\",\"target\":[\"https:\\\/\\\/www.mondiale.be\\\/de\\\/nachrichten\\\/die-geschichte-von-mondiale-teil-4-6\\\/\"]}]},{\"@type\":\"ImageObject\",\"inLanguage\":\"de\",\"@id\":\"https:\\\/\\\/www.mondiale.be\\\/de\\\/nachrichten\\\/die-geschichte-von-mondiale-teil-4-6\\\/#primaryimage\",\"url\":\"https:\\\/\\\/www.mondiale.be\\\/assets\\\/deel4.3.jpg\",\"contentUrl\":\"https:\\\/\\\/www.mondiale.be\\\/assets\\\/deel4.3.jpg\",\"width\":2372,\"height\":1861,\"caption\":\"Zicht op \u00e9\u00e9n van de Mondiale werkplaatsen\"},{\"@type\":\"BreadcrumbList\",\"@id\":\"https:\\\/\\\/www.mondiale.be\\\/de\\\/nachrichten\\\/die-geschichte-von-mondiale-teil-4-6\\\/#breadcrumb\",\"itemListElement\":[{\"@type\":\"ListItem\",\"position\":1,\"name\":\"Home\",\"item\":\"https:\\\/\\\/www.mondiale.be\\\/de\\\/home\\\/\"},{\"@type\":\"ListItem\",\"position\":2,\"name\":\"News\",\"item\":\"https:\\\/\\\/www.mondiale.be\\\/de\\\/nachrichten\\\/\"},{\"@type\":\"ListItem\",\"position\":3,\"name\":\"Die Geschichte von Mondiale (Teil 4\\\/6)\"}]},{\"@type\":\"WebSite\",\"@id\":\"https:\\\/\\\/www.mondiale.be\\\/de\\\/#website\",\"url\":\"https:\\\/\\\/www.mondiale.be\\\/de\\\/\",\"name\":\"Mondiale metalworking machines\",\"description\":\"Your Machine Tool Partner\",\"publisher\":{\"@id\":\"https:\\\/\\\/www.mondiale.be\\\/de\\\/#organization\"},\"alternateName\":\"Mondiale\",\"potentialAction\":[{\"@type\":\"SearchAction\",\"target\":{\"@type\":\"EntryPoint\",\"urlTemplate\":\"https:\\\/\\\/www.mondiale.be\\\/de\\\/?s={search_term_string}\"},\"query-input\":{\"@type\":\"PropertyValueSpecification\",\"valueRequired\":true,\"valueName\":\"search_term_string\"}}],\"inLanguage\":\"de\"},{\"@type\":\"Organization\",\"@id\":\"https:\\\/\\\/www.mondiale.be\\\/de\\\/#organization\",\"name\":\"Mondiale metalworking machines\",\"alternateName\":\"Mondiale\",\"url\":\"https:\\\/\\\/www.mondiale.be\\\/de\\\/\",\"logo\":{\"@type\":\"ImageObject\",\"inLanguage\":\"de\",\"@id\":\"https:\\\/\\\/www.mondiale.be\\\/de\\\/#\\\/schema\\\/logo\\\/image\\\/\",\"url\":\"https:\\\/\\\/www.mondiale.be\\\/assets\\\/logo-mondiale-notag-alt-color.svg\",\"contentUrl\":\"https:\\\/\\\/www.mondiale.be\\\/assets\\\/logo-mondiale-notag-alt-color.svg\",\"width\":1,\"height\":1,\"caption\":\"Mondiale metalworking machines\"},\"image\":{\"@id\":\"https:\\\/\\\/www.mondiale.be\\\/de\\\/#\\\/schema\\\/logo\\\/image\\\/\"},\"sameAs\":[\"https:\\\/\\\/www.facebook.com\\\/mondialenv\\\/\"]}]}<\/script>\n<!-- \/ Yoast SEO plugin. -->","yoast_head_json":{"title":"Die Geschichte von Mondiale (Teil 4\/6) - Mondiale 100. Jahrestag","description":"Die Geschichte von Mondiale Teil 4\/6, 1936 - 1980: Drehmaschinen werden global, die goldenen 60er Jahre und die harte Konkurrenz aus Niedriglohnl\u00e4ndern.","robots":{"index":"index","follow":"follow","max-snippet":"max-snippet:-1","max-image-preview":"max-image-preview:large","max-video-preview":"max-video-preview:-1"},"canonical":"https:\/\/www.mondiale.be\/de\/nachrichten\/die-geschichte-von-mondiale-teil-4-6\/","og_locale":"de_DE","og_type":"article","og_title":"Die Geschichte von Mondiale (Teil 4\/6) - Mondiale 100. Jahrestag","og_description":"Die Geschichte von Mondiale Teil 4\/6, 1936 - 1980: Drehmaschinen werden global, die goldenen 60er Jahre und die harte Konkurrenz aus Niedriglohnl\u00e4ndern.","og_url":"https:\/\/www.mondiale.be\/de\/nachrichten\/die-geschichte-von-mondiale-teil-4-6\/","og_site_name":"Mondiale","article_publisher":"https:\/\/www.facebook.com\/mondialenv\/","article_modified_time":"2020-07-06T15:25:54+00:00","og_image":[{"url":"https:\/\/www.mondiale.be\/assets\/deel4.3.jpg","type":"","width":"","height":""}],"twitter_card":"summary_large_image","twitter_misc":{"Gesch\u00e4tzte Lesezeit":"4\u00a0Minuten"},"schema":{"@context":"https:\/\/schema.org","@graph":[{"@type":"WebPage","@id":"https:\/\/www.mondiale.be\/de\/nachrichten\/die-geschichte-von-mondiale-teil-4-6\/","url":"https:\/\/www.mondiale.be\/de\/nachrichten\/die-geschichte-von-mondiale-teil-4-6\/","name":"Die Geschichte von Mondiale (Teil 4\/6) - Mondiale 100. Jahrestag","isPartOf":{"@id":"https:\/\/www.mondiale.be\/de\/#website"},"primaryImageOfPage":{"@id":"https:\/\/www.mondiale.be\/de\/nachrichten\/die-geschichte-von-mondiale-teil-4-6\/#primaryimage"},"image":{"@id":"https:\/\/www.mondiale.be\/de\/nachrichten\/die-geschichte-von-mondiale-teil-4-6\/#primaryimage"},"thumbnailUrl":"https:\/\/www.mondiale.be\/assets\/deel4.3.jpg","datePublished":"2020-04-07T09:03:59+00:00","dateModified":"2020-07-06T15:25:54+00:00","description":"Die Geschichte von Mondiale Teil 4\/6, 1936 - 1980: Drehmaschinen werden global, die goldenen 60er Jahre und die harte Konkurrenz aus Niedriglohnl\u00e4ndern.","breadcrumb":{"@id":"https:\/\/www.mondiale.be\/de\/nachrichten\/die-geschichte-von-mondiale-teil-4-6\/#breadcrumb"},"inLanguage":"de","potentialAction":[{"@type":"ReadAction","target":["https:\/\/www.mondiale.be\/de\/nachrichten\/die-geschichte-von-mondiale-teil-4-6\/"]}]},{"@type":"ImageObject","inLanguage":"de","@id":"https:\/\/www.mondiale.be\/de\/nachrichten\/die-geschichte-von-mondiale-teil-4-6\/#primaryimage","url":"https:\/\/www.mondiale.be\/assets\/deel4.3.jpg","contentUrl":"https:\/\/www.mondiale.be\/assets\/deel4.3.jpg","width":2372,"height":1861,"caption":"Zicht op \u00e9\u00e9n van de Mondiale werkplaatsen"},{"@type":"BreadcrumbList","@id":"https:\/\/www.mondiale.be\/de\/nachrichten\/die-geschichte-von-mondiale-teil-4-6\/#breadcrumb","itemListElement":[{"@type":"ListItem","position":1,"name":"Home","item":"https:\/\/www.mondiale.be\/de\/home\/"},{"@type":"ListItem","position":2,"name":"News","item":"https:\/\/www.mondiale.be\/de\/nachrichten\/"},{"@type":"ListItem","position":3,"name":"Die Geschichte von Mondiale (Teil 4\/6)"}]},{"@type":"WebSite","@id":"https:\/\/www.mondiale.be\/de\/#website","url":"https:\/\/www.mondiale.be\/de\/","name":"Mondiale metalworking machines","description":"Your Machine Tool Partner","publisher":{"@id":"https:\/\/www.mondiale.be\/de\/#organization"},"alternateName":"Mondiale","potentialAction":[{"@type":"SearchAction","target":{"@type":"EntryPoint","urlTemplate":"https:\/\/www.mondiale.be\/de\/?s={search_term_string}"},"query-input":{"@type":"PropertyValueSpecification","valueRequired":true,"valueName":"search_term_string"}}],"inLanguage":"de"},{"@type":"Organization","@id":"https:\/\/www.mondiale.be\/de\/#organization","name":"Mondiale metalworking machines","alternateName":"Mondiale","url":"https:\/\/www.mondiale.be\/de\/","logo":{"@type":"ImageObject","inLanguage":"de","@id":"https:\/\/www.mondiale.be\/de\/#\/schema\/logo\/image\/","url":"https:\/\/www.mondiale.be\/assets\/logo-mondiale-notag-alt-color.svg","contentUrl":"https:\/\/www.mondiale.be\/assets\/logo-mondiale-notag-alt-color.svg","width":1,"height":1,"caption":"Mondiale metalworking machines"},"image":{"@id":"https:\/\/www.mondiale.be\/de\/#\/schema\/logo\/image\/"},"sameAs":["https:\/\/www.facebook.com\/mondialenv\/"]}]}},"_links":{"self":[{"href":"https:\/\/www.mondiale.be\/de\/wp-json\/wp\/v2\/news\/17302","targetHints":{"allow":["GET"]}}],"collection":[{"href":"https:\/\/www.mondiale.be\/de\/wp-json\/wp\/v2\/news"}],"about":[{"href":"https:\/\/www.mondiale.be\/de\/wp-json\/wp\/v2\/types\/news"}],"author":[{"embeddable":true,"href":"https:\/\/www.mondiale.be\/de\/wp-json\/wp\/v2\/users\/3"}],"version-history":[{"count":0,"href":"https:\/\/www.mondiale.be\/de\/wp-json\/wp\/v2\/news\/17302\/revisions"}],"wp:featuredmedia":[{"embeddable":true,"href":"https:\/\/www.mondiale.be\/de\/wp-json\/wp\/v2\/media\/16397"}],"wp:attachment":[{"href":"https:\/\/www.mondiale.be\/de\/wp-json\/wp\/v2\/media?parent=17302"}],"wp:term":[{"taxonomy":"news_category","embeddable":true,"href":"https:\/\/www.mondiale.be\/de\/wp-json\/wp\/v2\/news_category?post=17302"}],"curies":[{"name":"wp","href":"https:\/\/api.w.org\/{rel}","templated":true}]}}