{"id":17344,"date":"2020-04-07T11:02:05","date_gmt":"2020-04-07T09:02:05","guid":{"rendered":"https:\/\/www.mondiale.be\/news\/die-geschichte-von-mondiale-teil-5-6\/"},"modified":"2020-07-06T21:10:27","modified_gmt":"2020-07-06T19:10:27","slug":"die-geschichte-von-mondiale-teil-5-6","status":"publish","type":"news","link":"https:\/\/www.mondiale.be\/de\/nachrichten\/die-geschichte-von-mondiale-teil-5-6\/","title":{"rendered":"Die Geschichte von Mondiale (Teil 5\/6)"},"content":{"rendered":"\t\t<div data-elementor-type=\"wp-post\" data-elementor-id=\"17344\" class=\"elementor elementor-17344 elementor-12939\" data-elementor-post-type=\"news\">\n\t\t\t\t\t\t<section class=\"elementor-section elementor-top-section elementor-element elementor-element-294ca96e elementor-section-boxed elementor-section-height-default elementor-section-height-default\" data-id=\"294ca96e\" data-element_type=\"section\" data-e-type=\"section\">\n\t\t\t\t\t\t<div class=\"elementor-container elementor-column-gap-default\">\n\t\t\t\t\t<div class=\"elementor-column elementor-col-100 elementor-top-column elementor-element elementor-element-4c4be5a5\" data-id=\"4c4be5a5\" data-element_type=\"column\" data-e-type=\"column\">\n\t\t\t<div class=\"elementor-widget-wrap elementor-element-populated\">\n\t\t\t\t\t\t<div class=\"elementor-element elementor-element-15fbbf22 elementor-widget elementor-widget-text-editor\" data-id=\"15fbbf22\" data-element_type=\"widget\" data-e-type=\"widget\" data-widget_type=\"text-editor.default\">\n\t\t\t\t<div class=\"elementor-widget-container\">\n\t\t\t\t\t\t\t\t\t<p><em>Die Firma Mondiale besteht seit fast 100 Jahren. Aber wussten Sie, dass unsere Urspr\u00fcnge viel weiter zur\u00fcck reichen? Bis ins Jahr 1860, um genau zu sein. Als das Familienunternehmen Fondu in Vilvoorde dazu beitrug, die Metallindustrie auf unsere Landkarte zu setzen. Seit 1921 tr\u00e4gt diese Firma den Namen Mondiale.<\/em><\/p>\n<p><em>Jahrzehntelang war Vilvoorde das schlagende Herz der Mondialisten. Dies ist die merkw\u00fcrdige und sch\u00f6ne Geschichte von Mondiale, in einer 6-teiligen Miniserie f\u00fcr Sie dokumentiert.<\/em><\/p>\n\t\t\t\t\t\t\t\t<\/div>\n\t\t\t\t<\/div>\n\t\t\t\t<div class=\"elementor-element elementor-element-3c16acf0 elementor-widget elementor-widget-heading\" data-id=\"3c16acf0\" data-element_type=\"widget\" data-e-type=\"widget\" data-widget_type=\"heading.default\">\n\t\t\t\t<div class=\"elementor-widget-container\">\n\t\t\t\t\t<h2 class=\"elementor-heading-title elementor-size-default\">TEIL 5: 1981 bis 1989<\/h2>\t\t\t\t<\/div>\n\t\t\t\t<\/div>\n\t\t\t\t<div class=\"elementor-element elementor-element-246e4c2b elementor-widget elementor-widget-text-editor\" data-id=\"246e4c2b\" data-element_type=\"widget\" data-e-type=\"widget\" data-widget_type=\"text-editor.default\">\n\t\t\t\t<div class=\"elementor-widget-container\">\n\t\t\t\t\t\t\t\t\t<p>Als Mondiale, die Referenz f\u00fcr Drehmaschinen in Belgien, 1981 f\u00fcr bankrott erkl\u00e4rt wurde, schrieben alle belgischen Zeitungen \u00fcber diesen riesigen Verlust. Und auch die Politik \u00e4rgerte sich \u00fcber diesen Fall&#8230;<\/p>\n\t\t\t\t\t\t\t\t<\/div>\n\t\t\t\t<\/div>\n\t\t\t\t<section class=\"elementor-section elementor-inner-section elementor-element elementor-element-ac93310 elementor-section-content-middle elementor-section-boxed elementor-section-height-default elementor-section-height-default\" data-id=\"ac93310\" data-element_type=\"section\" data-e-type=\"section\">\n\t\t\t\t\t\t<div class=\"elementor-container elementor-column-gap-no\">\n\t\t\t\t\t<div class=\"elementor-column elementor-col-50 elementor-inner-column elementor-element elementor-element-274ab33\" data-id=\"274ab33\" data-element_type=\"column\" data-e-type=\"column\">\n\t\t\t<div class=\"elementor-widget-wrap elementor-element-populated\">\n\t\t\t\t\t\t<div class=\"elementor-element elementor-element-73f5c7f elementor-invisible elementor-widget elementor-widget-image\" data-id=\"73f5c7f\" data-element_type=\"widget\" data-e-type=\"widget\" data-settings=\"{&quot;_animation&quot;:&quot;fadeIn&quot;}\" data-widget_type=\"image.default\">\n\t\t\t\t<div class=\"elementor-widget-container\">\n\t\t\t\t\t\t\t\t\t\t\t\t<figure class=\"wp-caption\">\n\t\t\t\t\t\t\t\t\t\t<img fetchpriority=\"high\" decoding=\"async\" width=\"768\" height=\"608\" src=\"https:\/\/www.mondiale.be\/assets\/20190909_141219-768x608.jpg\" class=\"attachment-medium_large size-medium_large wp-image-17316\" alt=\"Mondiale 81 krijgt bezoek van minister Dewulf\" srcset=\"https:\/\/www.mondiale.be\/assets\/20190909_141219-768x608.jpg 768w, https:\/\/www.mondiale.be\/assets\/20190909_141219-960x760.jpg 960w, https:\/\/www.mondiale.be\/assets\/20190909_141219-1920x1519.jpg 1920w, https:\/\/www.mondiale.be\/assets\/20190909_141219-1536x1215.jpg 1536w, https:\/\/www.mondiale.be\/assets\/20190909_141219-2048x1621.jpg 2048w\" sizes=\"(max-width: 768px) 100vw, 768px\" \/>\t\t\t\t\t\t\t\t\t\t\t<figcaption class=\"widget-image-caption wp-caption-text\">Mondiale 81 krijgt bezoek van minister Dewulf<\/figcaption>\n\t\t\t\t\t\t\t\t\t\t<\/figure>\n\t\t\t\t\t\t\t\t\t<\/div>\n\t\t\t\t<\/div>\n\t\t\t\t\t<\/div>\n\t\t<\/div>\n\t\t\t\t<div class=\"elementor-column elementor-col-50 elementor-inner-column elementor-element elementor-element-12bf988\" data-id=\"12bf988\" data-element_type=\"column\" data-e-type=\"column\">\n\t\t\t<div class=\"elementor-widget-wrap elementor-element-populated\">\n\t\t\t\t\t\t<div class=\"elementor-element elementor-element-4c55e91 elementor-widget elementor-widget-heading\" data-id=\"4c55e91\" data-element_type=\"widget\" data-e-type=\"widget\" data-widget_type=\"heading.default\">\n\t\t\t\t<div class=\"elementor-widget-container\">\n\t\t\t\t\t<h2 class=\"elementor-heading-title elementor-size-default\">Neue Chance f\u00fcr Mondiale<\/h2>\t\t\t\t<\/div>\n\t\t\t\t<\/div>\n\t\t\t\t<div class=\"elementor-element elementor-element-6bf2590 elementor-widget elementor-widget-text-editor\" data-id=\"6bf2590\" data-element_type=\"widget\" data-e-type=\"widget\" data-widget_type=\"text-editor.default\">\n\t\t\t\t<div class=\"elementor-widget-container\">\n\t\t\t\t\t\t\t\t\t<p>Minister <strong>Eyskens<\/strong> war zuf\u00e4llig gerade in diesem Moment in <strong>Indonesien<\/strong>, um \u00fcber eine neue (und gro\u00dfe) Lieferung von Mondiale-Drehmaschinen zu verhandeln.<\/p>\n<p>Eyskens <strong>gewann das Gesch\u00e4ft<\/strong> und die Mondiale-Fabrik konnte <strong>doch offen bleiben<\/strong>.<\/p>\n\t\t\t\t\t\t\t\t<\/div>\n\t\t\t\t<\/div>\n\t\t\t\t<div class=\"elementor-element elementor-element-9a17c24 elementor-widget elementor-widget-text-editor\" data-id=\"9a17c24\" data-element_type=\"widget\" data-e-type=\"widget\" data-widget_type=\"text-editor.default\">\n\t\t\t\t<div class=\"elementor-widget-container\">\n\t\t\t\t\t\t\t\t\t<p>Mondiale wurde unter dem Namen <strong>Mondiale 81<\/strong> neu gegr\u00fcndet. Die fl\u00e4mische Regierung leistete einen finanziellen Beitrag und erteilte <strong>vier<\/strong> <strong>Auftr\u00e4ge<\/strong>:<\/p>\n<ul>\n<li>Einhaltung des ABOS-Vertrags (Allgemeiner Rat f\u00fcr Entwicklungszusammenarbeit) mit Indonesien<\/li>\n<li>Entwicklung einer numerisch gesteuerten Drehmaschine<\/li>\n<li>Aufnahme der Produktion von konventionellen Dreh- und Fr\u00e4smaschinen<\/li>\n<li>Einen privaten Sponsor finden<\/li>\n<\/ul>\n\t\t\t\t\t\t\t\t<\/div>\n\t\t\t\t<\/div>\n\t\t\t\t\t<\/div>\n\t\t<\/div>\n\t\t\t\t\t<\/div>\n\t\t<\/section>\n\t\t\t\t<div class=\"elementor-element elementor-element-bcd0570 elementor-widget elementor-widget-heading\" data-id=\"bcd0570\" data-element_type=\"widget\" data-e-type=\"widget\" data-widget_type=\"heading.default\">\n\t\t\t\t<div class=\"elementor-widget-container\">\n\t\t\t\t\t<h2 class=\"elementor-heading-title elementor-size-default\">Der ABOS-Vertrag mit Indonesien<\/h2>\t\t\t\t<\/div>\n\t\t\t\t<\/div>\n\t\t\t\t<div class=\"elementor-element elementor-element-e9dfbb4 elementor-widget elementor-widget-text-editor\" data-id=\"e9dfbb4\" data-element_type=\"widget\" data-e-type=\"widget\" data-widget_type=\"text-editor.default\">\n\t\t\t\t<div class=\"elementor-widget-container\">\n\t\t\t\t\t\t\t\t\t<p>Dieser Vertrag beinhaltete einen 12-Phasenplan, um die gesamte <strong>Produktion<\/strong> von globalen Drehmaschinen <strong>nach Indonesien<\/strong> zu verlagern. Dort sollte ein Unternehmen, <strong>ein<\/strong> <strong>Joint Venture<\/strong>, gegr\u00fcndet werden, an dem Mondiale 81 letztendlich zu 70 % beteiligt w\u00e4re.<\/p>\n<p>Der Grund f\u00fcr diese Verlagerungspl\u00e4ne war ganz logisch. Dank <strong>niedrigerer Produktionskosten<\/strong> w\u00e4re Mondiale 81 in der Lage, der <strong>harten Konkurrenz<\/strong> aus Japan und Taiwan standzuhalten.<\/p>\n\t\t\t\t\t\t\t\t<\/div>\n\t\t\t\t<\/div>\n\t\t\t\t<section class=\"elementor-section elementor-inner-section elementor-element elementor-element-40bb10b4 elementor-section-content-middle elementor-reverse-tablet elementor-reverse-mobile elementor-section-boxed elementor-section-height-default elementor-section-height-default\" data-id=\"40bb10b4\" data-element_type=\"section\" data-e-type=\"section\">\n\t\t\t\t\t\t<div class=\"elementor-container elementor-column-gap-no\">\n\t\t\t\t\t<div class=\"elementor-column elementor-col-50 elementor-inner-column elementor-element elementor-element-5b68c6d2\" data-id=\"5b68c6d2\" data-element_type=\"column\" data-e-type=\"column\">\n\t\t\t<div class=\"elementor-widget-wrap elementor-element-populated\">\n\t\t\t\t\t\t<div class=\"elementor-element elementor-element-5090a20 elementor-widget elementor-widget-heading\" data-id=\"5090a20\" data-element_type=\"widget\" data-e-type=\"widget\" data-widget_type=\"heading.default\">\n\t\t\t\t<div class=\"elementor-widget-container\">\n\t\t\t\t\t<h2 class=\"elementor-heading-title elementor-size-default\">Die nummerisch gesteuerte Drehmaschine<\/h2>\t\t\t\t<\/div>\n\t\t\t\t<\/div>\n\t\t\t\t<div class=\"elementor-element elementor-element-775681f elementor-widget elementor-widget-text-editor\" data-id=\"775681f\" data-element_type=\"widget\" data-e-type=\"widget\" data-widget_type=\"text-editor.default\">\n\t\t\t\t<div class=\"elementor-widget-container\">\n\t\t\t\t\t\t\t\t\t<p>Die Ingenieure der Mondiale 81 entwickelten eine numerisch gesteuerte Drehmaschine <strong>auf Basis der GALLICOP<\/strong>, der erfolgreichsten Maschine des Sortiments.<\/p>\n<p>Das Design kam aus unserem eigenen Haus, aber die <strong>Steuerung<\/strong> kam von <strong>der deutschen AMK<\/strong>.<\/p>\n<p>Im November <strong>1981<\/strong> ging Mondiale mit <strong>der brandneuen CNC M420<\/strong> zur <strong>EMO-Messe<\/strong> in Hannover. Nach fr\u00fcheren m\u00e4\u00dfigen Erfolgen wurde die (schwache) AMK-Steuerung durch eine <strong>FANUC-Steuerung<\/strong> ersetzt.<\/p>\n<p><strong>1986<\/strong> kam schlie\u00dflich <strong>die CNC M600<\/strong> auf den Markt, die wesentlich gr\u00f6\u00dfere Volumen bew\u00e4ltigen konnte.<\/p>\n\t\t\t\t\t\t\t\t<\/div>\n\t\t\t\t<\/div>\n\t\t\t\t\t<\/div>\n\t\t<\/div>\n\t\t\t\t<div class=\"elementor-column elementor-col-50 elementor-inner-column elementor-element elementor-element-67b56326\" data-id=\"67b56326\" data-element_type=\"column\" data-e-type=\"column\">\n\t\t\t<div class=\"elementor-widget-wrap elementor-element-populated\">\n\t\t\t\t\t\t<div class=\"elementor-element elementor-element-3e8a6417 elementor-invisible elementor-widget elementor-widget-image\" data-id=\"3e8a6417\" data-element_type=\"widget\" data-e-type=\"widget\" data-settings=\"{&quot;_animation&quot;:&quot;fadeIn&quot;}\" data-widget_type=\"image.default\">\n\t\t\t\t<div class=\"elementor-widget-container\">\n\t\t\t\t\t\t\t\t\t\t\t\t<figure class=\"wp-caption\">\n\t\t\t\t\t\t\t\t\t\t<img decoding=\"async\" width=\"768\" height=\"476\" src=\"https:\/\/www.mondiale.be\/assets\/20190909_141306-768x476.jpg\" class=\"attachment-medium_large size-medium_large wp-image-17321\" alt=\"De numerische draaibank M 600 CNC\" srcset=\"https:\/\/www.mondiale.be\/assets\/20190909_141306-768x476.jpg 768w, https:\/\/www.mondiale.be\/assets\/20190909_141306-960x595.jpg 960w, https:\/\/www.mondiale.be\/assets\/20190909_141306-1920x1190.jpg 1920w, https:\/\/www.mondiale.be\/assets\/20190909_141306-1536x952.jpg 1536w, https:\/\/www.mondiale.be\/assets\/20190909_141306-2048x1270.jpg 2048w\" sizes=\"(max-width: 768px) 100vw, 768px\" \/>\t\t\t\t\t\t\t\t\t\t\t<figcaption class=\"widget-image-caption wp-caption-text\">De numerische draaibank M 600 CNC<\/figcaption>\n\t\t\t\t\t\t\t\t\t\t<\/figure>\n\t\t\t\t\t\t\t\t\t<\/div>\n\t\t\t\t<\/div>\n\t\t\t\t\t<\/div>\n\t\t<\/div>\n\t\t\t\t\t<\/div>\n\t\t<\/section>\n\t\t\t\t<div class=\"elementor-element elementor-element-7461397 elementor-widget elementor-widget-heading\" data-id=\"7461397\" data-element_type=\"widget\" data-e-type=\"widget\" data-widget_type=\"heading.default\">\n\t\t\t\t<div class=\"elementor-widget-container\">\n\t\t\t\t\t<h2 class=\"elementor-heading-title elementor-size-default\">Neustart der Produktion und zus\u00e4tzlicher Service<\/h2>\t\t\t\t<\/div>\n\t\t\t\t<\/div>\n\t\t\t\t<div class=\"elementor-element elementor-element-eb94f14 elementor-widget elementor-widget-text-editor\" data-id=\"eb94f14\" data-element_type=\"widget\" data-e-type=\"widget\" data-widget_type=\"text-editor.default\">\n\t\t\t\t<div class=\"elementor-widget-container\">\n\t\t\t\t\t\t\t\t\t<p>Mondiale 81 begann gleichzeitig so schnell wie m\u00f6glich mit der <strong>Produktion<\/strong> aller <strong>g\u00e4ngigen Modelle<\/strong>. Und auch von den 900 <strong>Drehmaschinen CELTIC 14<\/strong>, die bis sp\u00e4testens 1987 nach Indonesien geliefert werden mussten.<\/p>\n<p>Danach griff die Firma unwiderruflich auf ihre eigenen Kunden zur\u00fcck. Neben der Produktion bot sie auch einen <strong>Wartungsservice<\/strong> f\u00fcr die vielen Benutzer von Mondiale Dreh- und Fr\u00e4smaschinen an, sowohl konventionelle als auch CNC-gesteuerte.<\/p>\n\t\t\t\t\t\t\t\t<\/div>\n\t\t\t\t<\/div>\n\t\t\t\t<section class=\"elementor-section elementor-inner-section elementor-element elementor-element-21384fe5 elementor-section-content-middle elementor-section-boxed elementor-section-height-default elementor-section-height-default\" data-id=\"21384fe5\" data-element_type=\"section\" data-e-type=\"section\">\n\t\t\t\t\t\t<div class=\"elementor-container elementor-column-gap-no\">\n\t\t\t\t\t<div class=\"elementor-column elementor-col-50 elementor-inner-column elementor-element elementor-element-1e6854b0\" data-id=\"1e6854b0\" data-element_type=\"column\" data-e-type=\"column\">\n\t\t\t<div class=\"elementor-widget-wrap elementor-element-populated\">\n\t\t\t\t\t\t<div class=\"elementor-element elementor-element-724fb646 elementor-invisible elementor-widget elementor-widget-image\" data-id=\"724fb646\" data-element_type=\"widget\" data-e-type=\"widget\" data-settings=\"{&quot;_animation&quot;:&quot;fadeIn&quot;}\" data-widget_type=\"image.default\">\n\t\t\t\t<div class=\"elementor-widget-container\">\n\t\t\t\t\t\t\t\t\t\t\t\t<figure class=\"wp-caption\">\n\t\t\t\t\t\t\t\t\t\t<img decoding=\"async\" width=\"768\" height=\"608\" src=\"https:\/\/www.mondiale.be\/assets\/20190909_141420-768x608.jpg\" class=\"attachment-medium_large size-medium_large wp-image-17326\" alt=\"Minister Dehaene bezoekt Mondiale in juni 1985\" srcset=\"https:\/\/www.mondiale.be\/assets\/20190909_141420-768x608.jpg 768w, https:\/\/www.mondiale.be\/assets\/20190909_141420-960x761.jpg 960w, https:\/\/www.mondiale.be\/assets\/20190909_141420-1536x1217.jpg 1536w, https:\/\/www.mondiale.be\/assets\/20190909_141420.jpg 1901w\" sizes=\"(max-width: 768px) 100vw, 768px\" \/>\t\t\t\t\t\t\t\t\t\t\t<figcaption class=\"widget-image-caption wp-caption-text\">Minister Dehaene bezoekt Mondiale in juni 1985<\/figcaption>\n\t\t\t\t\t\t\t\t\t\t<\/figure>\n\t\t\t\t\t\t\t\t\t<\/div>\n\t\t\t\t<\/div>\n\t\t\t\t\t<\/div>\n\t\t<\/div>\n\t\t\t\t<div class=\"elementor-column elementor-col-50 elementor-inner-column elementor-element elementor-element-75e515bd\" data-id=\"75e515bd\" data-element_type=\"column\" data-e-type=\"column\">\n\t\t\t<div class=\"elementor-widget-wrap elementor-element-populated\">\n\t\t\t\t\t\t<div class=\"elementor-element elementor-element-55e9058 elementor-widget elementor-widget-heading\" data-id=\"55e9058\" data-element_type=\"widget\" data-e-type=\"widget\" data-widget_type=\"heading.default\">\n\t\t\t\t<div class=\"elementor-widget-container\">\n\t\t\t\t\t<h2 class=\"elementor-heading-title elementor-size-default\">Suche nach einem privaten Partner<\/h2>\t\t\t\t<\/div>\n\t\t\t\t<\/div>\n\t\t\t\t<div class=\"elementor-element elementor-element-670d0cc2 elementor-widget elementor-widget-text-editor\" data-id=\"670d0cc2\" data-element_type=\"widget\" data-e-type=\"widget\" data-widget_type=\"text-editor.default\">\n\t\t\t\t<div class=\"elementor-widget-container\">\n\t\t\t\t\t\t\t\t\t<p>Das Gesch\u00e4ft lief <strong>ziemlich gut<\/strong> f\u00fcr Mondiale in den <strong>fr\u00fchen 80er Jahren<\/strong>.<\/p>\n<p>Innerhalb Europas ist <strong>Deutschland<\/strong> zu <strong>einem Gro\u00dfkunden<\/strong> geworden. Mondiale gr\u00fcndete sogar eine Tochtergesellschaft: &#8222;Mondiale Werkzeuge Deutschland&#8220; (MWD) mit 175 Mitarbeitern im Jahr 1986.<\/p>\n<p>Aber in der Zwischenzeit wurden die Maschinen veraltet und es gab noch <strong>kein zus\u00e4tzliches Geld<\/strong> f\u00fcr die Modernisierung. Die Suche nach einem <strong>privaten Partner<\/strong> verlief leider viel weniger reibungslos. Die fl\u00e4mische Regierung sprang ein letztes Mal ein. Doch ab <strong>1986<\/strong> verzeichnete Mondiale immer <strong>mehr Verluste<\/strong>.<\/p>\n<p>Als auch die Joint-Venture-Geschichte in <strong>Indonesien<\/strong> ein schlimmes <strong>Ende<\/strong> nahm, war das das Ende.<\/p>\n\t\t\t\t\t\t\t\t<\/div>\n\t\t\t\t<\/div>\n\t\t\t\t\t<\/div>\n\t\t<\/div>\n\t\t\t\t\t<\/div>\n\t\t<\/section>\n\t\t\t\t<section class=\"elementor-section elementor-inner-section elementor-element elementor-element-8c51ad0 elementor-section-content-middle elementor-reverse-tablet elementor-reverse-mobile elementor-section-boxed elementor-section-height-default elementor-section-height-default\" data-id=\"8c51ad0\" data-element_type=\"section\" data-e-type=\"section\">\n\t\t\t\t\t\t<div class=\"elementor-container elementor-column-gap-no\">\n\t\t\t\t\t<div class=\"elementor-column elementor-col-50 elementor-inner-column elementor-element elementor-element-1ef6c30\" data-id=\"1ef6c30\" data-element_type=\"column\" data-e-type=\"column\">\n\t\t\t<div class=\"elementor-widget-wrap elementor-element-populated\">\n\t\t\t\t\t\t<div class=\"elementor-element elementor-element-9d96141 elementor-widget elementor-widget-heading\" data-id=\"9d96141\" data-element_type=\"widget\" data-e-type=\"widget\" data-widget_type=\"heading.default\">\n\t\t\t\t<div class=\"elementor-widget-container\">\n\t\t\t\t\t<h2 class=\"elementor-heading-title elementor-size-default\">Das unvermeidliche Ende<\/h2>\t\t\t\t<\/div>\n\t\t\t\t<\/div>\n\t\t\t\t<div class=\"elementor-element elementor-element-d938f8b elementor-widget elementor-widget-text-editor\" data-id=\"d938f8b\" data-element_type=\"widget\" data-e-type=\"widget\" data-widget_type=\"text-editor.default\">\n\t\t\t\t<div class=\"elementor-widget-container\">\n\t\t\t\t\t\t\t\t\t<p>Mondiale 81 ging am 21. Dezember <strong>1989<\/strong> in <strong>Konkurs<\/strong>. Mehr als 130 Jahre lang hatte das Unternehmen in Vilvoorde Arbeitspl\u00e4tze geschaffen.<\/p>\n<p>Einst ein Hersteller von Eisenbahnausr\u00fcstungen, baute das Unternehmen in der Folge Automobile und Motorr\u00e4der und entwickelte sich zu einem <strong>weltweiten H\u00e4ndler<\/strong> von Dreh- und Fr\u00e4smaschinen.<\/p>\n<p>Die Mitarbeiter nannten sich weiterhin stolz <strong>&#8222;die Mondialisten&#8220;<\/strong>&#8230; und schauten geduldig zu, w\u00e4hrend ihr geliebter <strong>Mondiale-Standort<\/strong> <strong>1996<\/strong> einem <strong>Einkaufskomplex<\/strong> weichen musste.<\/p>\n\t\t\t\t\t\t\t\t<\/div>\n\t\t\t\t<\/div>\n\t\t\t\t\t<\/div>\n\t\t<\/div>\n\t\t\t\t<div class=\"elementor-column elementor-col-50 elementor-inner-column elementor-element elementor-element-6e363e5\" data-id=\"6e363e5\" data-element_type=\"column\" data-e-type=\"column\">\n\t\t\t<div class=\"elementor-widget-wrap elementor-element-populated\">\n\t\t\t\t\t\t<div class=\"elementor-element elementor-element-100f5b4 elementor-invisible elementor-widget elementor-widget-image\" data-id=\"100f5b4\" data-element_type=\"widget\" data-e-type=\"widget\" data-settings=\"{&quot;_animation&quot;:&quot;fadeIn&quot;}\" data-widget_type=\"image.default\">\n\t\t\t\t<div class=\"elementor-widget-container\">\n\t\t\t\t\t\t\t\t\t\t\t\t<figure class=\"wp-caption\">\n\t\t\t\t\t\t\t\t\t\t<img loading=\"lazy\" decoding=\"async\" width=\"768\" height=\"645\" src=\"https:\/\/www.mondiale.be\/assets\/20190909_141510-768x645.jpg\" class=\"attachment-medium_large size-medium_large wp-image-17331\" alt=\"De Mondiale fabriek ligt er verlaten bij tot de afbraakwerken\" srcset=\"https:\/\/www.mondiale.be\/assets\/20190909_141510-768x645.jpg 768w, https:\/\/www.mondiale.be\/assets\/20190909_141510-960x806.jpg 960w, https:\/\/www.mondiale.be\/assets\/20190909_141510-1920x1612.jpg 1920w, https:\/\/www.mondiale.be\/assets\/20190909_141510-1536x1289.jpg 1536w, https:\/\/www.mondiale.be\/assets\/20190909_141510-2048x1719.jpg 2048w\" sizes=\"(max-width: 768px) 100vw, 768px\" \/>\t\t\t\t\t\t\t\t\t\t\t<figcaption class=\"widget-image-caption wp-caption-text\">De Mondiale fabriek ligt er verlaten bij tot de afbraakwerken<\/figcaption>\n\t\t\t\t\t\t\t\t\t\t<\/figure>\n\t\t\t\t\t\t\t\t\t<\/div>\n\t\t\t\t<\/div>\n\t\t\t\t\t<\/div>\n\t\t<\/div>\n\t\t\t\t\t<\/div>\n\t\t<\/section>\n\t\t\t\t<div class=\"elementor-element elementor-element-0a0833d elementor-widget elementor-widget-text-editor\" data-id=\"0a0833d\" data-element_type=\"widget\" data-e-type=\"widget\" data-widget_type=\"text-editor.default\">\n\t\t\t\t<div class=\"elementor-widget-container\">\n\t\t\t\t\t\t\t\t\t<p>War dies dann das definitive Ende? Wie Sie sicher wissen, lautet die Antwort darauf &#8222;Nein&#8220;.<\/p>\n<p>Sie werden alles dar\u00fcber im n\u00e4chsten &#8211; und letzten &#8211; Teil der merkw\u00fcrdigen, aber wunderbaren Geschichte von Mondiale lesen.<\/p>\n\t\t\t\t\t\t\t\t<\/div>\n\t\t\t\t<\/div>\n\t\t\t\t<div class=\"elementor-element elementor-element-16d447a1 elementor-widget elementor-widget-spacer\" data-id=\"16d447a1\" data-element_type=\"widget\" data-e-type=\"widget\" data-widget_type=\"spacer.default\">\n\t\t\t\t<div class=\"elementor-widget-container\">\n\t\t\t\t\t\t\t<div class=\"elementor-spacer\">\n\t\t\t<div class=\"elementor-spacer-inner\"><\/div>\n\t\t<\/div>\n\t\t\t\t\t\t<\/div>\n\t\t\t\t<\/div>\n\t\t\t\t<section class=\"elementor-section elementor-inner-section elementor-element elementor-element-25d95420 elementor-section-content-middle elementor-section-boxed elementor-section-height-default elementor-section-height-default\" data-id=\"25d95420\" data-element_type=\"section\" data-e-type=\"section\">\n\t\t\t\t\t\t<div class=\"elementor-container elementor-column-gap-no\">\n\t\t\t\t\t<div class=\"elementor-column elementor-col-50 elementor-inner-column elementor-element elementor-element-2aad3766\" data-id=\"2aad3766\" data-element_type=\"column\" data-e-type=\"column\">\n\t\t\t<div class=\"elementor-widget-wrap elementor-element-populated\">\n\t\t\t\t\t\t<div class=\"elementor-element elementor-element-678f446a elementor-widget elementor-widget-text-editor\" data-id=\"678f446a\" data-element_type=\"widget\" data-e-type=\"widget\" data-widget_type=\"text-editor.default\">\n\t\t\t\t<div class=\"elementor-widget-container\">\n\t\t\t\t\t\t\t\t\t<p><strong>Die Geschichte von Mondiale (Teil 6\/6)<\/strong><\/p>\n\t\t\t\t\t\t\t\t<\/div>\n\t\t\t\t<\/div>\n\t\t\t\t\t<\/div>\n\t\t<\/div>\n\t\t\t\t<div class=\"elementor-column elementor-col-50 elementor-inner-column elementor-element elementor-element-723404a\" data-id=\"723404a\" data-element_type=\"column\" data-e-type=\"column\">\n\t\t\t<div class=\"elementor-widget-wrap elementor-element-populated\">\n\t\t\t\t\t\t<div class=\"elementor-element elementor-element-6c5de9d9 elementor-align-right elementor-mobile-align-justify elementor-widget elementor-widget-button\" data-id=\"6c5de9d9\" data-element_type=\"widget\" data-e-type=\"widget\" data-widget_type=\"button.default\">\n\t\t\t\t<div class=\"elementor-widget-container\">\n\t\t\t\t\t\t\t\t\t<div class=\"elementor-button-wrapper\">\n\t\t\t\t\t<a class=\"elementor-button elementor-size-md\" role=\"button\">\n\t\t\t\t\t\t<span class=\"elementor-button-content-wrapper\">\n\t\t\t\t\t\t\t\t\t<span class=\"elementor-button-text\">MEHR DAZU &raquo;<\/span>\n\t\t\t\t\t<\/span>\n\t\t\t\t\t<\/a>\n\t\t\t\t<\/div>\n\t\t\t\t\t\t\t\t<\/div>\n\t\t\t\t<\/div>\n\t\t\t\t\t<\/div>\n\t\t<\/div>\n\t\t\t\t\t<\/div>\n\t\t<\/section>\n\t\t\t\t<div class=\"elementor-element elementor-element-6e09369e elementor-widget-divider--view-line elementor-widget elementor-widget-divider\" data-id=\"6e09369e\" data-element_type=\"widget\" data-e-type=\"widget\" data-widget_type=\"divider.default\">\n\t\t\t\t<div class=\"elementor-widget-container\">\n\t\t\t\t\t\t\t<div class=\"elementor-divider\">\n\t\t\t<span class=\"elementor-divider-separator\">\n\t\t\t\t\t\t<\/span>\n\t\t<\/div>\n\t\t\t\t\t\t<\/div>\n\t\t\t\t<\/div>\n\t\t\t\t<div class=\"elementor-element elementor-element-5e01ce4e elementor-widget elementor-widget-text-editor\" data-id=\"5e01ce4e\" data-element_type=\"widget\" data-e-type=\"widget\" data-widget_type=\"text-editor.default\">\n\t\t\t\t<div class=\"elementor-widget-container\">\n\t\t\t\t\t\t\t\t\t<p><strong>Quelle:<\/strong> STAPPERS, M. (1998). Die merkw\u00fcrdige Geschichte eines Metallbauunternehmers in Vilvoorde &#8211; 1860-1989. Vilvoorde, Dupress Vilvoorde.<\/p>\n\t\t\t\t\t\t\t\t<\/div>\n\t\t\t\t<\/div>\n\t\t\t\t\t<\/div>\n\t\t<\/div>\n\t\t\t\t\t<\/div>\n\t\t<\/section>\n\t\t\t\t<\/div>\n\t\t","protected":false},"excerpt":{"rendered":"<p>Die Firma Mondiale besteht seit fast 100 Jahren. Aber wussten Sie, dass unsere Urspr\u00fcnge viel weiter zur\u00fcck reichen? Bis ins Jahr 1860, um genau zu sein. Als das Familienunternehmen Fondu in Vilvoorde dazu beitrug, die Metallindustrie auf unsere Landkarte zu setzen. Seit 1921 tr\u00e4gt diese Firma den Namen Mondiale. Jahrzehntelang war Vilvoorde das schlagende Herz [&hellip;]<\/p>\n","protected":false},"author":3,"featured_media":17321,"template":"","news_category":[697],"class_list":["post-17344","news","type-news","status-publish","has-post-thumbnail","hentry","news_category-geschichte"],"acf":[],"yoast_head":"<!-- This site is optimized with the Yoast SEO plugin v27.5 - https:\/\/yoast.com\/product\/yoast-seo-wordpress\/ -->\n<title>Die Geschichte von Mondiale (Teil 5\/6) - Mondiale 100. Jahrestag<\/title>\n<meta name=\"description\" content=\"Die Geschichte von Mondiale Teil 5\/6, 1981 - 1989: Mondiale bekommt eine zweite Chance, die beliebten Drehb\u00e4nke CELTIC 14 und geht erneut in Konkurs.\" \/>\n<meta name=\"robots\" content=\"index, follow, max-snippet:-1, max-image-preview:large, max-video-preview:-1\" \/>\n<link rel=\"canonical\" href=\"https:\/\/www.mondiale.be\/de\/nachrichten\/die-geschichte-von-mondiale-teil-5-6\/\" \/>\n<meta property=\"og:locale\" content=\"de_DE\" \/>\n<meta property=\"og:type\" content=\"article\" \/>\n<meta property=\"og:title\" content=\"Die Geschichte von Mondiale (Teil 5\/6) - Mondiale 100. Jahrestag\" \/>\n<meta property=\"og:description\" content=\"Die Geschichte von Mondiale Teil 5\/6, 1981 - 1989: Mondiale bekommt eine zweite Chance, die beliebten Drehb\u00e4nke CELTIC 14 und geht erneut in Konkurs.\" \/>\n<meta property=\"og:url\" content=\"https:\/\/www.mondiale.be\/de\/nachrichten\/die-geschichte-von-mondiale-teil-5-6\/\" \/>\n<meta property=\"og:site_name\" content=\"Mondiale\" \/>\n<meta property=\"article:publisher\" content=\"https:\/\/www.facebook.com\/mondialenv\/\" \/>\n<meta property=\"article:modified_time\" content=\"2020-07-06T19:10:27+00:00\" \/>\n<meta property=\"og:image\" content=\"https:\/\/www.mondiale.be\/assets\/20190909_141306-scaled.jpg\" \/>\n<meta name=\"twitter:card\" content=\"summary_large_image\" \/>\n<meta name=\"twitter:label1\" content=\"Gesch\u00e4tzte Lesezeit\" \/>\n\t<meta name=\"twitter:data1\" content=\"3\u00a0Minuten\" \/>\n<script type=\"application\/ld+json\" class=\"yoast-schema-graph\">{\"@context\":\"https:\\\/\\\/schema.org\",\"@graph\":[{\"@type\":\"WebPage\",\"@id\":\"https:\\\/\\\/www.mondiale.be\\\/de\\\/nachrichten\\\/die-geschichte-von-mondiale-teil-5-6\\\/\",\"url\":\"https:\\\/\\\/www.mondiale.be\\\/de\\\/nachrichten\\\/die-geschichte-von-mondiale-teil-5-6\\\/\",\"name\":\"Die Geschichte von Mondiale (Teil 5\\\/6) - Mondiale 100. Jahrestag\",\"isPartOf\":{\"@id\":\"https:\\\/\\\/www.mondiale.be\\\/de\\\/#website\"},\"primaryImageOfPage\":{\"@id\":\"https:\\\/\\\/www.mondiale.be\\\/de\\\/nachrichten\\\/die-geschichte-von-mondiale-teil-5-6\\\/#primaryimage\"},\"image\":{\"@id\":\"https:\\\/\\\/www.mondiale.be\\\/de\\\/nachrichten\\\/die-geschichte-von-mondiale-teil-5-6\\\/#primaryimage\"},\"thumbnailUrl\":\"https:\\\/\\\/www.mondiale.be\\\/assets\\\/20190909_141306-scaled.jpg\",\"datePublished\":\"2020-04-07T09:02:05+00:00\",\"dateModified\":\"2020-07-06T19:10:27+00:00\",\"description\":\"Die Geschichte von Mondiale Teil 5\\\/6, 1981 - 1989: Mondiale bekommt eine zweite Chance, die beliebten Drehb\u00e4nke CELTIC 14 und geht erneut in Konkurs.\",\"breadcrumb\":{\"@id\":\"https:\\\/\\\/www.mondiale.be\\\/de\\\/nachrichten\\\/die-geschichte-von-mondiale-teil-5-6\\\/#breadcrumb\"},\"inLanguage\":\"de\",\"potentialAction\":[{\"@type\":\"ReadAction\",\"target\":[\"https:\\\/\\\/www.mondiale.be\\\/de\\\/nachrichten\\\/die-geschichte-von-mondiale-teil-5-6\\\/\"]}]},{\"@type\":\"ImageObject\",\"inLanguage\":\"de\",\"@id\":\"https:\\\/\\\/www.mondiale.be\\\/de\\\/nachrichten\\\/die-geschichte-von-mondiale-teil-5-6\\\/#primaryimage\",\"url\":\"https:\\\/\\\/www.mondiale.be\\\/assets\\\/20190909_141306-scaled.jpg\",\"contentUrl\":\"https:\\\/\\\/www.mondiale.be\\\/assets\\\/20190909_141306-scaled.jpg\",\"width\":2560,\"height\":1587,\"caption\":\"De numerische draaibank M 600 CNC\"},{\"@type\":\"BreadcrumbList\",\"@id\":\"https:\\\/\\\/www.mondiale.be\\\/de\\\/nachrichten\\\/die-geschichte-von-mondiale-teil-5-6\\\/#breadcrumb\",\"itemListElement\":[{\"@type\":\"ListItem\",\"position\":1,\"name\":\"Home\",\"item\":\"https:\\\/\\\/www.mondiale.be\\\/de\\\/home\\\/\"},{\"@type\":\"ListItem\",\"position\":2,\"name\":\"News\",\"item\":\"https:\\\/\\\/www.mondiale.be\\\/de\\\/nachrichten\\\/\"},{\"@type\":\"ListItem\",\"position\":3,\"name\":\"Die Geschichte von Mondiale (Teil 5\\\/6)\"}]},{\"@type\":\"WebSite\",\"@id\":\"https:\\\/\\\/www.mondiale.be\\\/de\\\/#website\",\"url\":\"https:\\\/\\\/www.mondiale.be\\\/de\\\/\",\"name\":\"Mondiale metalworking machines\",\"description\":\"Your Machine Tool Partner\",\"publisher\":{\"@id\":\"https:\\\/\\\/www.mondiale.be\\\/de\\\/#organization\"},\"alternateName\":\"Mondiale\",\"potentialAction\":[{\"@type\":\"SearchAction\",\"target\":{\"@type\":\"EntryPoint\",\"urlTemplate\":\"https:\\\/\\\/www.mondiale.be\\\/de\\\/?s={search_term_string}\"},\"query-input\":{\"@type\":\"PropertyValueSpecification\",\"valueRequired\":true,\"valueName\":\"search_term_string\"}}],\"inLanguage\":\"de\"},{\"@type\":\"Organization\",\"@id\":\"https:\\\/\\\/www.mondiale.be\\\/de\\\/#organization\",\"name\":\"Mondiale metalworking machines\",\"alternateName\":\"Mondiale\",\"url\":\"https:\\\/\\\/www.mondiale.be\\\/de\\\/\",\"logo\":{\"@type\":\"ImageObject\",\"inLanguage\":\"de\",\"@id\":\"https:\\\/\\\/www.mondiale.be\\\/de\\\/#\\\/schema\\\/logo\\\/image\\\/\",\"url\":\"https:\\\/\\\/www.mondiale.be\\\/assets\\\/logo-mondiale-notag-alt-color.svg\",\"contentUrl\":\"https:\\\/\\\/www.mondiale.be\\\/assets\\\/logo-mondiale-notag-alt-color.svg\",\"width\":1,\"height\":1,\"caption\":\"Mondiale metalworking machines\"},\"image\":{\"@id\":\"https:\\\/\\\/www.mondiale.be\\\/de\\\/#\\\/schema\\\/logo\\\/image\\\/\"},\"sameAs\":[\"https:\\\/\\\/www.facebook.com\\\/mondialenv\\\/\"]}]}<\/script>\n<!-- \/ Yoast SEO plugin. -->","yoast_head_json":{"title":"Die Geschichte von Mondiale (Teil 5\/6) - Mondiale 100. Jahrestag","description":"Die Geschichte von Mondiale Teil 5\/6, 1981 - 1989: Mondiale bekommt eine zweite Chance, die beliebten Drehb\u00e4nke CELTIC 14 und geht erneut in Konkurs.","robots":{"index":"index","follow":"follow","max-snippet":"max-snippet:-1","max-image-preview":"max-image-preview:large","max-video-preview":"max-video-preview:-1"},"canonical":"https:\/\/www.mondiale.be\/de\/nachrichten\/die-geschichte-von-mondiale-teil-5-6\/","og_locale":"de_DE","og_type":"article","og_title":"Die Geschichte von Mondiale (Teil 5\/6) - Mondiale 100. Jahrestag","og_description":"Die Geschichte von Mondiale Teil 5\/6, 1981 - 1989: Mondiale bekommt eine zweite Chance, die beliebten Drehb\u00e4nke CELTIC 14 und geht erneut in Konkurs.","og_url":"https:\/\/www.mondiale.be\/de\/nachrichten\/die-geschichte-von-mondiale-teil-5-6\/","og_site_name":"Mondiale","article_publisher":"https:\/\/www.facebook.com\/mondialenv\/","article_modified_time":"2020-07-06T19:10:27+00:00","og_image":[{"url":"https:\/\/www.mondiale.be\/assets\/20190909_141306-scaled.jpg","type":"","width":"","height":""}],"twitter_card":"summary_large_image","twitter_misc":{"Gesch\u00e4tzte Lesezeit":"3\u00a0Minuten"},"schema":{"@context":"https:\/\/schema.org","@graph":[{"@type":"WebPage","@id":"https:\/\/www.mondiale.be\/de\/nachrichten\/die-geschichte-von-mondiale-teil-5-6\/","url":"https:\/\/www.mondiale.be\/de\/nachrichten\/die-geschichte-von-mondiale-teil-5-6\/","name":"Die Geschichte von Mondiale (Teil 5\/6) - Mondiale 100. Jahrestag","isPartOf":{"@id":"https:\/\/www.mondiale.be\/de\/#website"},"primaryImageOfPage":{"@id":"https:\/\/www.mondiale.be\/de\/nachrichten\/die-geschichte-von-mondiale-teil-5-6\/#primaryimage"},"image":{"@id":"https:\/\/www.mondiale.be\/de\/nachrichten\/die-geschichte-von-mondiale-teil-5-6\/#primaryimage"},"thumbnailUrl":"https:\/\/www.mondiale.be\/assets\/20190909_141306-scaled.jpg","datePublished":"2020-04-07T09:02:05+00:00","dateModified":"2020-07-06T19:10:27+00:00","description":"Die Geschichte von Mondiale Teil 5\/6, 1981 - 1989: Mondiale bekommt eine zweite Chance, die beliebten Drehb\u00e4nke CELTIC 14 und geht erneut in Konkurs.","breadcrumb":{"@id":"https:\/\/www.mondiale.be\/de\/nachrichten\/die-geschichte-von-mondiale-teil-5-6\/#breadcrumb"},"inLanguage":"de","potentialAction":[{"@type":"ReadAction","target":["https:\/\/www.mondiale.be\/de\/nachrichten\/die-geschichte-von-mondiale-teil-5-6\/"]}]},{"@type":"ImageObject","inLanguage":"de","@id":"https:\/\/www.mondiale.be\/de\/nachrichten\/die-geschichte-von-mondiale-teil-5-6\/#primaryimage","url":"https:\/\/www.mondiale.be\/assets\/20190909_141306-scaled.jpg","contentUrl":"https:\/\/www.mondiale.be\/assets\/20190909_141306-scaled.jpg","width":2560,"height":1587,"caption":"De numerische draaibank M 600 CNC"},{"@type":"BreadcrumbList","@id":"https:\/\/www.mondiale.be\/de\/nachrichten\/die-geschichte-von-mondiale-teil-5-6\/#breadcrumb","itemListElement":[{"@type":"ListItem","position":1,"name":"Home","item":"https:\/\/www.mondiale.be\/de\/home\/"},{"@type":"ListItem","position":2,"name":"News","item":"https:\/\/www.mondiale.be\/de\/nachrichten\/"},{"@type":"ListItem","position":3,"name":"Die Geschichte von Mondiale (Teil 5\/6)"}]},{"@type":"WebSite","@id":"https:\/\/www.mondiale.be\/de\/#website","url":"https:\/\/www.mondiale.be\/de\/","name":"Mondiale metalworking machines","description":"Your Machine Tool Partner","publisher":{"@id":"https:\/\/www.mondiale.be\/de\/#organization"},"alternateName":"Mondiale","potentialAction":[{"@type":"SearchAction","target":{"@type":"EntryPoint","urlTemplate":"https:\/\/www.mondiale.be\/de\/?s={search_term_string}"},"query-input":{"@type":"PropertyValueSpecification","valueRequired":true,"valueName":"search_term_string"}}],"inLanguage":"de"},{"@type":"Organization","@id":"https:\/\/www.mondiale.be\/de\/#organization","name":"Mondiale metalworking machines","alternateName":"Mondiale","url":"https:\/\/www.mondiale.be\/de\/","logo":{"@type":"ImageObject","inLanguage":"de","@id":"https:\/\/www.mondiale.be\/de\/#\/schema\/logo\/image\/","url":"https:\/\/www.mondiale.be\/assets\/logo-mondiale-notag-alt-color.svg","contentUrl":"https:\/\/www.mondiale.be\/assets\/logo-mondiale-notag-alt-color.svg","width":1,"height":1,"caption":"Mondiale metalworking machines"},"image":{"@id":"https:\/\/www.mondiale.be\/de\/#\/schema\/logo\/image\/"},"sameAs":["https:\/\/www.facebook.com\/mondialenv\/"]}]}},"_links":{"self":[{"href":"https:\/\/www.mondiale.be\/de\/wp-json\/wp\/v2\/news\/17344","targetHints":{"allow":["GET"]}}],"collection":[{"href":"https:\/\/www.mondiale.be\/de\/wp-json\/wp\/v2\/news"}],"about":[{"href":"https:\/\/www.mondiale.be\/de\/wp-json\/wp\/v2\/types\/news"}],"author":[{"embeddable":true,"href":"https:\/\/www.mondiale.be\/de\/wp-json\/wp\/v2\/users\/3"}],"version-history":[{"count":0,"href":"https:\/\/www.mondiale.be\/de\/wp-json\/wp\/v2\/news\/17344\/revisions"}],"wp:featuredmedia":[{"embeddable":true,"href":"https:\/\/www.mondiale.be\/de\/wp-json\/wp\/v2\/media\/17321"}],"wp:attachment":[{"href":"https:\/\/www.mondiale.be\/de\/wp-json\/wp\/v2\/media?parent=17344"}],"wp:term":[{"taxonomy":"news_category","embeddable":true,"href":"https:\/\/www.mondiale.be\/de\/wp-json\/wp\/v2\/news_category?post=17344"}],"curies":[{"name":"wp","href":"https:\/\/api.w.org\/{rel}","templated":true}]}}