{"id":17398,"date":"2020-04-07T11:01:14","date_gmt":"2020-04-07T09:01:14","guid":{"rendered":"https:\/\/www.mondiale.be\/news\/die-geschichte-von-mondiale-teil-6-6\/"},"modified":"2020-07-13T11:18:47","modified_gmt":"2020-07-13T09:18:47","slug":"die-geschichte-von-mondiale-teil-6-6","status":"publish","type":"news","link":"https:\/\/www.mondiale.be\/de\/nachrichten\/die-geschichte-von-mondiale-teil-6-6\/","title":{"rendered":"Die Geschichte von Mondiale (Teil 6\/6)"},"content":{"rendered":"\t\t<div data-elementor-type=\"wp-post\" data-elementor-id=\"17398\" class=\"elementor elementor-17398 elementor-12940\" data-elementor-post-type=\"news\">\n\t\t\t\t\t\t<section class=\"elementor-section elementor-top-section elementor-element elementor-element-a0ea2f2 elementor-section-boxed elementor-section-height-default elementor-section-height-default\" data-id=\"a0ea2f2\" data-element_type=\"section\" data-e-type=\"section\">\n\t\t\t\t\t\t<div class=\"elementor-container elementor-column-gap-default\">\n\t\t\t\t\t<div class=\"elementor-column elementor-col-100 elementor-top-column elementor-element elementor-element-a380960\" data-id=\"a380960\" data-element_type=\"column\" data-e-type=\"column\">\n\t\t\t<div class=\"elementor-widget-wrap elementor-element-populated\">\n\t\t\t\t\t\t<div class=\"elementor-element elementor-element-29ac7fa8 elementor-widget elementor-widget-text-editor\" data-id=\"29ac7fa8\" data-element_type=\"widget\" data-e-type=\"widget\" data-widget_type=\"text-editor.default\">\n\t\t\t\t<div class=\"elementor-widget-container\">\n\t\t\t\t\t\t\t\t\t<p><em>Die Firma Mondiale besteht seit fast 100 Jahren. Aber wussten Sie, dass unsere Urspr\u00fcnge viel weiter zur\u00fcck reichen? Bis ins Jahr 1860, um genau zu sein. Als das Familienunternehmen Fondu in Vilvoorde dazu beitrug, die Metallindustrie auf unsere Landkarte zu setzen. Seit 1921 tr\u00e4gt diese Firma den Namen Mondiale.<\/em><\/p>\n<p><em>Jahrzehntelang war Vilvoorde das schlagende Herz der Mondialisten. Dies ist die merkw\u00fcrdige und sch\u00f6ne Geschichte von Mondiale, in einer 6-teiligen Miniserie f\u00fcr Sie dokumentiert.<\/em><\/p>\n\t\t\t\t\t\t\t\t<\/div>\n\t\t\t\t<\/div>\n\t\t\t\t<div class=\"elementor-element elementor-element-1e477f1e elementor-widget elementor-widget-heading\" data-id=\"1e477f1e\" data-element_type=\"widget\" data-e-type=\"widget\" data-widget_type=\"heading.default\">\n\t\t\t\t<div class=\"elementor-widget-container\">\n\t\t\t\t\t<h2 class=\"elementor-heading-title elementor-size-default\">TEIL 6: 1989 bis heute<\/h2>\t\t\t\t<\/div>\n\t\t\t\t<\/div>\n\t\t\t\t<div class=\"elementor-element elementor-element-7b1bef2b elementor-widget elementor-widget-text-editor\" data-id=\"7b1bef2b\" data-element_type=\"widget\" data-e-type=\"widget\" data-widget_type=\"text-editor.default\">\n\t\t\t\t<div class=\"elementor-widget-container\">\n\t\t\t\t\t\t\t\t\t<p>Nach der Insolvenz im <strong>Dezember 1989<\/strong> gaben die <strong>Mondialisten<\/strong> ihr geliebtes Unternehmen nicht einfach so auf. Das Inventar wurde von der niederl\u00e4ndischen Firma <a href=\"https:\/\/www.vraetsmachinery.com\/nl\/\" target=\"_blank\" rel=\"noopener\"><strong>Harry Vraets Machinery (HVM)<\/strong><\/a> \u00fcbernommen. Nach sorgf\u00e4ltiger Marktforschung wurde beschlossen, die Ersatzteile zu behalten und eine kleine <strong>Produktion der CELTIC und GALLIC-Serien<\/strong> zu starten.<\/p>\n<p>Weltweit gab es immer noch viele Besitzer von Mondiale Werkzeugmaschinen. Diese konnten einen spezialisierten <strong>Wartungs- und Reparaturservice<\/strong> gut gebrauchen. So wurde <strong>1990<\/strong> Mondiale NV am urspr\u00fcnglichen Standort in Vilvoorde gegr\u00fcndet. Kurz darauf zog die Firma nach <strong>Peutie<\/strong> um.<\/p>\n\t\t\t\t\t\t\t\t<\/div>\n\t\t\t\t<\/div>\n\t\t\t\t<div class=\"elementor-element elementor-element-67952204 elementor-invisible elementor-widget elementor-widget-image\" data-id=\"67952204\" data-element_type=\"widget\" data-e-type=\"widget\" data-settings=\"{&quot;_animation&quot;:&quot;fadeIn&quot;}\" data-widget_type=\"image.default\">\n\t\t\t\t<div class=\"elementor-widget-container\">\n\t\t\t\t\t\t\t\t\t\t\t\t<figure class=\"wp-caption\">\n\t\t\t\t\t\t\t\t\t\t<img fetchpriority=\"high\" decoding=\"async\" width=\"800\" height=\"389\" src=\"https:\/\/www.mondiale.be\/assets\/20191209_105101-1920x933.jpg\" class=\"attachment-large size-large wp-image-17370\" alt=\"Vader Guido en zoon Karel Dierick blazen Mondiale nieuw leven in.\" srcset=\"https:\/\/www.mondiale.be\/assets\/20191209_105101-1920x933.jpg 1920w, https:\/\/www.mondiale.be\/assets\/20191209_105101-960x466.jpg 960w, https:\/\/www.mondiale.be\/assets\/20191209_105101-768x373.jpg 768w, https:\/\/www.mondiale.be\/assets\/20191209_105101-1536x746.jpg 1536w, https:\/\/www.mondiale.be\/assets\/20191209_105101-2048x995.jpg 2048w\" sizes=\"(max-width: 800px) 100vw, 800px\" \/>\t\t\t\t\t\t\t\t\t\t\t<figcaption class=\"widget-image-caption wp-caption-text\">Vader Guido en zoon Karel Dierick blazen Mondiale nieuw leven in.<\/figcaption>\n\t\t\t\t\t\t\t\t\t\t<\/figure>\n\t\t\t\t\t\t\t\t\t<\/div>\n\t\t\t\t<\/div>\n\t\t\t\t<div class=\"elementor-element elementor-element-51f5c8c0 elementor-widget elementor-widget-heading\" data-id=\"51f5c8c0\" data-element_type=\"widget\" data-e-type=\"widget\" data-widget_type=\"heading.default\">\n\t\t\t\t<div class=\"elementor-widget-container\">\n\t\t\t\t\t<h2 class=\"elementor-heading-title elementor-size-default\">Spezialist f\u00fcr Gebrauchtmaschinen<\/h2>\t\t\t\t<\/div>\n\t\t\t\t<\/div>\n\t\t\t\t<div class=\"elementor-element elementor-element-5de2f70 elementor-widget elementor-widget-text-editor\" data-id=\"5de2f70\" data-element_type=\"widget\" data-e-type=\"widget\" data-widget_type=\"text-editor.default\">\n\t\t\t\t<div class=\"elementor-widget-container\">\n\t\t\t\t\t\t\t\t\t<p>Nicht lange danach begann <strong>Mondiale NV<\/strong> sich auf den Kauf, die \u00dcberholung und den Verkauf von <strong>Gebrauchtmaschinen<\/strong> zu konzentrieren. Und das nicht nur f\u00fcr Mondiale-Maschinen. Das Unternehmen handelte nun auch mit <strong>osteurop\u00e4ischen und asiatischen Modellen<\/strong>.<\/p>\n<p>Mondiale <strong>neu belebt<\/strong>. Anfang der 90er Jahre hatte das Unternehmen etwa 20 Arbeiter und Techniker, zumeist <strong>reinrassige Mondialisten<\/strong>. Generaldirektor war <strong>Guido Dierick<\/strong>, der dies noch viele Jahre lang bleiben sollte, bis <strong>sein Sohn Karel<\/strong> schlie\u00dflich die F\u00fchrung \u00fcbernahm.<\/p>\n\t\t\t\t\t\t\t\t<\/div>\n\t\t\t\t<\/div>\n\t\t\t\t<div class=\"elementor-element elementor-element-94ee7bc elementor-widget elementor-widget-heading\" data-id=\"94ee7bc\" data-element_type=\"widget\" data-e-type=\"widget\" data-widget_type=\"heading.default\">\n\t\t\t\t<div class=\"elementor-widget-container\">\n\t\t\t\t\t<h2 class=\"elementor-heading-title elementor-size-default\">Die L\u00fccke auf dem Gebrauchtmarkt<\/h2>\t\t\t\t<\/div>\n\t\t\t\t<\/div>\n\t\t\t\t<div class=\"elementor-element elementor-element-88321c3 elementor-widget elementor-widget-text-editor\" data-id=\"88321c3\" data-element_type=\"widget\" data-e-type=\"widget\" data-widget_type=\"text-editor.default\">\n\t\t\t\t<div class=\"elementor-widget-container\">\n\t\t\t\t\t\t\t\t\t<p>Zwischen <strong>1990 und 2001<\/strong> f\u00fchrten Guido und Karel Mondiale zusammen. Sie fanden die <strong>L\u00fccke auf dem Gebrauchtmarkt<\/strong>, indem sie sich als <strong>erfahrene H\u00e4ndler<\/strong> etablierten. Sie boten beispielsweise einen ausgezeichneten Kundendienst und After-Sales-Service f\u00fcr Gebrauchtmaschinen an. Mit <strong>Garantie<\/strong>, was in der Branche <strong>einzigartig<\/strong> war.<\/p>\n<p>Bei Mondiale erhielten die gebrauchten Maschinen eine <strong>General\u00fcberholung<\/strong> und wurden sorgf\u00e4ltig <strong>geliefert<\/strong> und beim Kunden vor Ort <strong>installiert<\/strong>. Auf Wunsch erhielt der K\u00e4ufer sogar eine <strong>professionelle Schulung<\/strong>. Mondiale war auf die Anpassung alter Anlagen an die geltenden <strong>Sicherheitsnormen<\/strong> und in \u00dcbereinstimmung mit der neuen CE-Gesetzgebung spezialisiert. In der Zwischenzeit konnte sich das Unternehmen bei vielen Kunden als regelm\u00e4\u00dfiger <strong>Wartungs- und Reparaturdienst <\/strong>bezeichnen.<\/p>\n<p>Mondiale kam damals auch der <strong>wachsenden Nachfrage nach CNC-Maschinen<\/strong> nach. Daf\u00fcr investierte das Unternehmen, um sein <strong>technisches Know-how<\/strong> auf dem neuesten Stand zu halten. Auf diese Weise gelang es Vater und Sohn, den Umsatz der neuen <strong>Mondiale auf einem gesunden Niveau<\/strong> zu halten.<\/p>\n\t\t\t\t\t\t\t\t<\/div>\n\t\t\t\t<\/div>\n\t\t\t\t<div class=\"elementor-element elementor-element-269c664a elementor-invisible elementor-widget elementor-widget-image\" data-id=\"269c664a\" data-element_type=\"widget\" data-e-type=\"widget\" data-settings=\"{&quot;_animation&quot;:&quot;fadeIn&quot;}\" data-widget_type=\"image.default\">\n\t\t\t\t<div class=\"elementor-widget-container\">\n\t\t\t\t\t\t\t\t\t\t\t\t<figure class=\"wp-caption\">\n\t\t\t\t\t\t\t\t\t\t<img decoding=\"async\" width=\"800\" height=\"450\" src=\"https:\/\/www.mondiale.be\/assets\/gebouwen-Mondiale-1920x1080.jpg\" class=\"attachment-large size-large wp-image-17385\" alt=\"De nieuwe Mondiale site langs de Gentsesteenweg in Zele\" srcset=\"https:\/\/www.mondiale.be\/assets\/gebouwen-Mondiale-1920x1080.jpg 1920w, https:\/\/www.mondiale.be\/assets\/gebouwen-Mondiale-960x540.jpg 960w, https:\/\/www.mondiale.be\/assets\/gebouwen-Mondiale-768x432.jpg 768w, https:\/\/www.mondiale.be\/assets\/gebouwen-Mondiale-1536x864.jpg 1536w, https:\/\/www.mondiale.be\/assets\/gebouwen-Mondiale.jpg 2048w\" sizes=\"(max-width: 800px) 100vw, 800px\" \/>\t\t\t\t\t\t\t\t\t\t\t<figcaption class=\"widget-image-caption wp-caption-text\">De nieuwe Mondiale site langs de Gentsesteenweg in Zele<\/figcaption>\n\t\t\t\t\t\t\t\t\t\t<\/figure>\n\t\t\t\t\t\t\t\t\t<\/div>\n\t\t\t\t<\/div>\n\t\t\t\t<div class=\"elementor-element elementor-element-d6712ef elementor-widget elementor-widget-heading\" data-id=\"d6712ef\" data-element_type=\"widget\" data-e-type=\"widget\" data-widget_type=\"heading.default\">\n\t\t\t\t<div class=\"elementor-widget-container\">\n\t\t\t\t\t<h2 class=\"elementor-heading-title elementor-size-default\">Mondiale jetzt: 100 Jahre Expertise<\/h2>\t\t\t\t<\/div>\n\t\t\t\t<\/div>\n\t\t\t\t<div class=\"elementor-element elementor-element-0f1134e elementor-widget elementor-widget-text-editor\" data-id=\"0f1134e\" data-element_type=\"widget\" data-e-type=\"widget\" data-widget_type=\"text-editor.default\">\n\t\t\t\t<div class=\"elementor-widget-container\">\n\t\t\t\t\t\t\t\t\t<p>Aufgrund der Erweiterung des Gebrauchtparks und einer <strong>neuen Mondiale-Linie<\/strong> zog das Unternehmen <strong>2007<\/strong> in Richtung <strong>Oost-Vlaamse Zele<\/strong> um, an einen gro\u00dfz\u00fcgigen Standort am <strong>Gentsesteenweg<\/strong>. Hier hat Mondiale seine definitive Niederlassung, die auch heute noch unter der Leitung des <strong>erfahrenen CEO Karel Dierick<\/strong> steht.<\/p>\n<p>Im Jahr <strong>2019<\/strong> blickt Mondiale mit Stolz auf <strong>100 Jahre Wissen und Expertise<\/strong> zur\u00fcck. Das Unternehmen ist nach wie vor auf <strong>Mondiale Dreh-, Fr\u00e4s- und Bohrmaschinen<\/strong> spezialisiert. Sie wartet, repariert und \u00fcberholt gebrauchte Maschinen und ist <strong>Marktf\u00fchrer<\/strong> auf dem Gebrauchtmarkt.<\/p>\n<p>Daneben vertreibt sie auch <strong>neue Pr\u00e4zisionsmaschinen<\/strong> von ausl\u00e4ndischen Partnern, wie z.B. der <strong>Schweizer Qualit\u00e4tsmarke <a href=\"https:\/\/www.smsa.ch\/\" target=\"_blank\" rel=\"noopener\">Schaublin<\/a><\/strong>. Und sie setzt ihre <strong>Innovationst\u00e4tigkeit<\/strong> fort und reagiert erfolgreich auf die j\u00fcngsten Ver\u00e4nderungen auf dem Markt.<\/p>\n\t\t\t\t\t\t\t\t<\/div>\n\t\t\t\t<\/div>\n\t\t\t\t<div class=\"elementor-element elementor-element-6838ecd elementor-invisible elementor-widget elementor-widget-image\" data-id=\"6838ecd\" data-element_type=\"widget\" data-e-type=\"widget\" data-settings=\"{&quot;_animation&quot;:&quot;fadeIn&quot;}\" data-widget_type=\"image.default\">\n\t\t\t\t<div class=\"elementor-widget-container\">\n\t\t\t\t\t\t\t\t\t\t\t\t<figure class=\"wp-caption\">\n\t\t\t\t\t\t\t\t\t\t<img decoding=\"async\" width=\"800\" height=\"534\" src=\"https:\/\/www.mondiale.be\/assets\/Karel_vraagenaanbod.be_.jpg\" class=\"attachment-large size-large wp-image-17380\" alt=\"Karel Dierick, CEO Mondiale bij een NORDIC 760\" srcset=\"https:\/\/www.mondiale.be\/assets\/Karel_vraagenaanbod.be_.jpg 800w, https:\/\/www.mondiale.be\/assets\/Karel_vraagenaanbod.be_-768x513.jpg 768w\" sizes=\"(max-width: 800px) 100vw, 800px\" \/>\t\t\t\t\t\t\t\t\t\t\t<figcaption class=\"widget-image-caption wp-caption-text\">Karel Dierick, CEO Mondiale bij een NORDIC 760<\/figcaption>\n\t\t\t\t\t\t\t\t\t\t<\/figure>\n\t\t\t\t\t\t\t\t\t<\/div>\n\t\t\t\t<\/div>\n\t\t\t\t<div class=\"elementor-element elementor-element-80f3354 elementor-widget elementor-widget-heading\" data-id=\"80f3354\" data-element_type=\"widget\" data-e-type=\"widget\" data-widget_type=\"heading.default\">\n\t\t\t\t<div class=\"elementor-widget-container\">\n\t\t\t\t\t<h2 class=\"elementor-heading-title elementor-size-default\">Neugierig geworden?<\/h2>\t\t\t\t<\/div>\n\t\t\t\t<\/div>\n\t\t\t\t<div class=\"elementor-element elementor-element-292054f elementor-widget elementor-widget-text-editor\" data-id=\"292054f\" data-element_type=\"widget\" data-e-type=\"widget\" data-widget_type=\"text-editor.default\">\n\t\t\t\t<div class=\"elementor-widget-container\">\n\t\t\t\t\t\t\t\t\t<p>Neugierig, was wir zu bieten haben?<\/p>\n<p>Suchen Sie schon lange nach einer <strong>Werkzeugmaschine<\/strong> oder bestimmten <strong>Unterteilen<\/strong>?<\/p>\n<p>Bei uns finden Sie <strong>einen sehr gro\u00dfen Vorrat<\/strong> an Maschinen und Unterteilen.<\/p>\n<h5>Besuchen Sie unseren Ausstellungsraum und unser Lager, jeden Werktag von 8 bis 17 Uhr.<\/h5>\n\t\t\t\t\t\t\t\t<\/div>\n\t\t\t\t<\/div>\n\t\t\t\t<div class=\"elementor-element elementor-element-30d4f087 elementor-widget elementor-widget-spacer\" data-id=\"30d4f087\" data-element_type=\"widget\" data-e-type=\"widget\" data-widget_type=\"spacer.default\">\n\t\t\t\t<div class=\"elementor-widget-container\">\n\t\t\t\t\t\t\t<div class=\"elementor-spacer\">\n\t\t\t<div class=\"elementor-spacer-inner\"><\/div>\n\t\t<\/div>\n\t\t\t\t\t\t<\/div>\n\t\t\t\t<\/div>\n\t\t\t\t<section class=\"elementor-section elementor-inner-section elementor-element elementor-element-1b057c2f elementor-section-content-middle elementor-section-boxed elementor-section-height-default elementor-section-height-default\" data-id=\"1b057c2f\" data-element_type=\"section\" data-e-type=\"section\">\n\t\t\t\t\t\t<div class=\"elementor-container elementor-column-gap-no\">\n\t\t\t\t\t<div class=\"elementor-column elementor-col-50 elementor-inner-column elementor-element elementor-element-4424d54b\" data-id=\"4424d54b\" data-element_type=\"column\" data-e-type=\"column\">\n\t\t\t<div class=\"elementor-widget-wrap elementor-element-populated\">\n\t\t\t\t\t\t<div class=\"elementor-element elementor-element-39bd571d elementor-widget elementor-widget-text-editor\" data-id=\"39bd571d\" data-element_type=\"widget\" data-e-type=\"widget\" data-widget_type=\"text-editor.default\">\n\t\t\t\t<div class=\"elementor-widget-container\">\n\t\t\t\t\t\t\t\t\t<p><strong>Die Geschichte von Mondiale (Teil 1\/6)<\/strong><\/p>\n\t\t\t\t\t\t\t\t<\/div>\n\t\t\t\t<\/div>\n\t\t\t\t\t<\/div>\n\t\t<\/div>\n\t\t\t\t<div class=\"elementor-column elementor-col-50 elementor-inner-column elementor-element elementor-element-748715f2\" data-id=\"748715f2\" data-element_type=\"column\" data-e-type=\"column\">\n\t\t\t<div class=\"elementor-widget-wrap elementor-element-populated\">\n\t\t\t\t\t\t<div class=\"elementor-element elementor-element-4298e44f elementor-align-right elementor-mobile-align-justify elementor-widget elementor-widget-button\" data-id=\"4298e44f\" data-element_type=\"widget\" data-e-type=\"widget\" data-widget_type=\"button.default\">\n\t\t\t\t<div class=\"elementor-widget-container\">\n\t\t\t\t\t\t\t\t\t<div class=\"elementor-button-wrapper\">\n\t\t\t\t\t<a class=\"elementor-button elementor-size-md\" role=\"button\">\n\t\t\t\t\t\t<span class=\"elementor-button-content-wrapper\">\n\t\t\t\t\t\t\t\t\t<span class=\"elementor-button-text\">ZUR\u00dcCK ZU TEIL 1  &raquo;<\/span>\n\t\t\t\t\t<\/span>\n\t\t\t\t\t<\/a>\n\t\t\t\t<\/div>\n\t\t\t\t\t\t\t\t<\/div>\n\t\t\t\t<\/div>\n\t\t\t\t\t<\/div>\n\t\t<\/div>\n\t\t\t\t\t<\/div>\n\t\t<\/section>\n\t\t\t\t<div class=\"elementor-element elementor-element-32be73ab elementor-widget-divider--view-line elementor-widget elementor-widget-divider\" data-id=\"32be73ab\" data-element_type=\"widget\" data-e-type=\"widget\" data-widget_type=\"divider.default\">\n\t\t\t\t<div class=\"elementor-widget-container\">\n\t\t\t\t\t\t\t<div class=\"elementor-divider\">\n\t\t\t<span class=\"elementor-divider-separator\">\n\t\t\t\t\t\t<\/span>\n\t\t<\/div>\n\t\t\t\t\t\t<\/div>\n\t\t\t\t<\/div>\n\t\t\t\t<div class=\"elementor-element elementor-element-5499b091 elementor-widget elementor-widget-text-editor\" data-id=\"5499b091\" data-element_type=\"widget\" data-e-type=\"widget\" data-widget_type=\"text-editor.default\">\n\t\t\t\t<div class=\"elementor-widget-container\">\n\t\t\t\t\t\t\t\t\t<p>COBBAUT, J. (1997, 8. April). Der Gebrauchtmarkt. Jeder kauft gebrauchte Maschinen. Nachfrage und Angebot, S. 1, 3-5.<\/p>\n\t\t\t\t\t\t\t\t<\/div>\n\t\t\t\t<\/div>\n\t\t\t\t\t<\/div>\n\t\t<\/div>\n\t\t\t\t\t<\/div>\n\t\t<\/section>\n\t\t\t\t<\/div>\n\t\t","protected":false},"excerpt":{"rendered":"<p>Die Firma Mondiale besteht seit fast 100 Jahren. Aber wussten Sie, dass unsere Urspr\u00fcnge viel weiter zur\u00fcck reichen? Bis ins Jahr 1860, um genau zu sein. Als das Familienunternehmen Fondu in Vilvoorde dazu beitrug, die Metallindustrie auf unsere Landkarte zu setzen. Seit 1921 tr\u00e4gt diese Firma den Namen Mondiale. Jahrzehntelang war Vilvoorde das schlagende Herz [&hellip;]<\/p>\n","protected":false},"author":3,"featured_media":17370,"template":"","news_category":[697],"class_list":["post-17398","news","type-news","status-publish","has-post-thumbnail","hentry","news_category-geschichte"],"acf":[],"yoast_head":"<!-- This site is optimized with the Yoast SEO plugin v27.5 - https:\/\/yoast.com\/product\/yoast-seo-wordpress\/ -->\n<title>Die Geschichte von Mondiale (Teil 6\/6) - Mondiale 100. Jahrestag<\/title>\n<meta name=\"description\" content=\"Die Geschichte von Mondiale (Teil 6\/6) - 1989 bis heute: Mondiale NV bietet Reparaturdienstleistungen an und und ist Marktf\u00fchrer auf dem Gebrauchtmarkt.\" \/>\n<meta name=\"robots\" content=\"index, follow, max-snippet:-1, max-image-preview:large, max-video-preview:-1\" \/>\n<link rel=\"canonical\" href=\"https:\/\/www.mondiale.be\/de\/nachrichten\/die-geschichte-von-mondiale-teil-6-6\/\" \/>\n<meta property=\"og:locale\" content=\"de_DE\" \/>\n<meta property=\"og:type\" content=\"article\" \/>\n<meta property=\"og:title\" content=\"Die Geschichte von Mondiale (Teil 6\/6) - Mondiale 100. Jahrestag\" \/>\n<meta property=\"og:description\" content=\"Die Geschichte von Mondiale (Teil 6\/6) - 1989 bis heute: Mondiale NV bietet Reparaturdienstleistungen an und und ist Marktf\u00fchrer auf dem Gebrauchtmarkt.\" \/>\n<meta property=\"og:url\" content=\"https:\/\/www.mondiale.be\/de\/nachrichten\/die-geschichte-von-mondiale-teil-6-6\/\" \/>\n<meta property=\"og:site_name\" content=\"Mondiale\" \/>\n<meta property=\"article:publisher\" content=\"https:\/\/www.facebook.com\/mondialenv\/\" \/>\n<meta property=\"article:modified_time\" content=\"2020-07-13T09:18:47+00:00\" \/>\n<meta property=\"og:image\" content=\"https:\/\/www.mondiale.be\/assets\/20191209_105101-scaled.jpg\" \/>\n<meta name=\"twitter:card\" content=\"summary_large_image\" \/>\n<meta name=\"twitter:label1\" content=\"Gesch\u00e4tzte Lesezeit\" \/>\n\t<meta name=\"twitter:data1\" content=\"3\u00a0Minuten\" \/>\n<script type=\"application\/ld+json\" class=\"yoast-schema-graph\">{\"@context\":\"https:\\\/\\\/schema.org\",\"@graph\":[{\"@type\":\"WebPage\",\"@id\":\"https:\\\/\\\/www.mondiale.be\\\/de\\\/nachrichten\\\/die-geschichte-von-mondiale-teil-6-6\\\/\",\"url\":\"https:\\\/\\\/www.mondiale.be\\\/de\\\/nachrichten\\\/die-geschichte-von-mondiale-teil-6-6\\\/\",\"name\":\"Die Geschichte von Mondiale (Teil 6\\\/6) - Mondiale 100. Jahrestag\",\"isPartOf\":{\"@id\":\"https:\\\/\\\/www.mondiale.be\\\/de\\\/#website\"},\"primaryImageOfPage\":{\"@id\":\"https:\\\/\\\/www.mondiale.be\\\/de\\\/nachrichten\\\/die-geschichte-von-mondiale-teil-6-6\\\/#primaryimage\"},\"image\":{\"@id\":\"https:\\\/\\\/www.mondiale.be\\\/de\\\/nachrichten\\\/die-geschichte-von-mondiale-teil-6-6\\\/#primaryimage\"},\"thumbnailUrl\":\"https:\\\/\\\/www.mondiale.be\\\/assets\\\/20191209_105101-scaled.jpg\",\"datePublished\":\"2020-04-07T09:01:14+00:00\",\"dateModified\":\"2020-07-13T09:18:47+00:00\",\"description\":\"Die Geschichte von Mondiale (Teil 6\\\/6) - 1989 bis heute: Mondiale NV bietet Reparaturdienstleistungen an und und ist Marktf\u00fchrer auf dem Gebrauchtmarkt.\",\"breadcrumb\":{\"@id\":\"https:\\\/\\\/www.mondiale.be\\\/de\\\/nachrichten\\\/die-geschichte-von-mondiale-teil-6-6\\\/#breadcrumb\"},\"inLanguage\":\"de\",\"potentialAction\":[{\"@type\":\"ReadAction\",\"target\":[\"https:\\\/\\\/www.mondiale.be\\\/de\\\/nachrichten\\\/die-geschichte-von-mondiale-teil-6-6\\\/\"]}]},{\"@type\":\"ImageObject\",\"inLanguage\":\"de\",\"@id\":\"https:\\\/\\\/www.mondiale.be\\\/de\\\/nachrichten\\\/die-geschichte-von-mondiale-teil-6-6\\\/#primaryimage\",\"url\":\"https:\\\/\\\/www.mondiale.be\\\/assets\\\/20191209_105101-scaled.jpg\",\"contentUrl\":\"https:\\\/\\\/www.mondiale.be\\\/assets\\\/20191209_105101-scaled.jpg\",\"width\":2560,\"height\":1244,\"caption\":\"Vader Guido en zoon Karel Dierick blazen Mondiale nieuw leven in.\"},{\"@type\":\"BreadcrumbList\",\"@id\":\"https:\\\/\\\/www.mondiale.be\\\/de\\\/nachrichten\\\/die-geschichte-von-mondiale-teil-6-6\\\/#breadcrumb\",\"itemListElement\":[{\"@type\":\"ListItem\",\"position\":1,\"name\":\"Home\",\"item\":\"https:\\\/\\\/www.mondiale.be\\\/de\\\/home\\\/\"},{\"@type\":\"ListItem\",\"position\":2,\"name\":\"News\",\"item\":\"https:\\\/\\\/www.mondiale.be\\\/de\\\/nachrichten\\\/\"},{\"@type\":\"ListItem\",\"position\":3,\"name\":\"Die Geschichte von Mondiale (Teil 6\\\/6)\"}]},{\"@type\":\"WebSite\",\"@id\":\"https:\\\/\\\/www.mondiale.be\\\/de\\\/#website\",\"url\":\"https:\\\/\\\/www.mondiale.be\\\/de\\\/\",\"name\":\"Mondiale metalworking machines\",\"description\":\"Your Machine Tool Partner\",\"publisher\":{\"@id\":\"https:\\\/\\\/www.mondiale.be\\\/de\\\/#organization\"},\"alternateName\":\"Mondiale\",\"potentialAction\":[{\"@type\":\"SearchAction\",\"target\":{\"@type\":\"EntryPoint\",\"urlTemplate\":\"https:\\\/\\\/www.mondiale.be\\\/de\\\/?s={search_term_string}\"},\"query-input\":{\"@type\":\"PropertyValueSpecification\",\"valueRequired\":true,\"valueName\":\"search_term_string\"}}],\"inLanguage\":\"de\"},{\"@type\":\"Organization\",\"@id\":\"https:\\\/\\\/www.mondiale.be\\\/de\\\/#organization\",\"name\":\"Mondiale metalworking machines\",\"alternateName\":\"Mondiale\",\"url\":\"https:\\\/\\\/www.mondiale.be\\\/de\\\/\",\"logo\":{\"@type\":\"ImageObject\",\"inLanguage\":\"de\",\"@id\":\"https:\\\/\\\/www.mondiale.be\\\/de\\\/#\\\/schema\\\/logo\\\/image\\\/\",\"url\":\"https:\\\/\\\/www.mondiale.be\\\/assets\\\/logo-mondiale-notag-alt-color.svg\",\"contentUrl\":\"https:\\\/\\\/www.mondiale.be\\\/assets\\\/logo-mondiale-notag-alt-color.svg\",\"width\":1,\"height\":1,\"caption\":\"Mondiale metalworking machines\"},\"image\":{\"@id\":\"https:\\\/\\\/www.mondiale.be\\\/de\\\/#\\\/schema\\\/logo\\\/image\\\/\"},\"sameAs\":[\"https:\\\/\\\/www.facebook.com\\\/mondialenv\\\/\"]}]}<\/script>\n<!-- \/ Yoast SEO plugin. -->","yoast_head_json":{"title":"Die Geschichte von Mondiale (Teil 6\/6) - Mondiale 100. Jahrestag","description":"Die Geschichte von Mondiale (Teil 6\/6) - 1989 bis heute: Mondiale NV bietet Reparaturdienstleistungen an und und ist Marktf\u00fchrer auf dem Gebrauchtmarkt.","robots":{"index":"index","follow":"follow","max-snippet":"max-snippet:-1","max-image-preview":"max-image-preview:large","max-video-preview":"max-video-preview:-1"},"canonical":"https:\/\/www.mondiale.be\/de\/nachrichten\/die-geschichte-von-mondiale-teil-6-6\/","og_locale":"de_DE","og_type":"article","og_title":"Die Geschichte von Mondiale (Teil 6\/6) - Mondiale 100. Jahrestag","og_description":"Die Geschichte von Mondiale (Teil 6\/6) - 1989 bis heute: Mondiale NV bietet Reparaturdienstleistungen an und und ist Marktf\u00fchrer auf dem Gebrauchtmarkt.","og_url":"https:\/\/www.mondiale.be\/de\/nachrichten\/die-geschichte-von-mondiale-teil-6-6\/","og_site_name":"Mondiale","article_publisher":"https:\/\/www.facebook.com\/mondialenv\/","article_modified_time":"2020-07-13T09:18:47+00:00","og_image":[{"url":"https:\/\/www.mondiale.be\/assets\/20191209_105101-scaled.jpg","type":"","width":"","height":""}],"twitter_card":"summary_large_image","twitter_misc":{"Gesch\u00e4tzte Lesezeit":"3\u00a0Minuten"},"schema":{"@context":"https:\/\/schema.org","@graph":[{"@type":"WebPage","@id":"https:\/\/www.mondiale.be\/de\/nachrichten\/die-geschichte-von-mondiale-teil-6-6\/","url":"https:\/\/www.mondiale.be\/de\/nachrichten\/die-geschichte-von-mondiale-teil-6-6\/","name":"Die Geschichte von Mondiale (Teil 6\/6) - Mondiale 100. Jahrestag","isPartOf":{"@id":"https:\/\/www.mondiale.be\/de\/#website"},"primaryImageOfPage":{"@id":"https:\/\/www.mondiale.be\/de\/nachrichten\/die-geschichte-von-mondiale-teil-6-6\/#primaryimage"},"image":{"@id":"https:\/\/www.mondiale.be\/de\/nachrichten\/die-geschichte-von-mondiale-teil-6-6\/#primaryimage"},"thumbnailUrl":"https:\/\/www.mondiale.be\/assets\/20191209_105101-scaled.jpg","datePublished":"2020-04-07T09:01:14+00:00","dateModified":"2020-07-13T09:18:47+00:00","description":"Die Geschichte von Mondiale (Teil 6\/6) - 1989 bis heute: Mondiale NV bietet Reparaturdienstleistungen an und und ist Marktf\u00fchrer auf dem Gebrauchtmarkt.","breadcrumb":{"@id":"https:\/\/www.mondiale.be\/de\/nachrichten\/die-geschichte-von-mondiale-teil-6-6\/#breadcrumb"},"inLanguage":"de","potentialAction":[{"@type":"ReadAction","target":["https:\/\/www.mondiale.be\/de\/nachrichten\/die-geschichte-von-mondiale-teil-6-6\/"]}]},{"@type":"ImageObject","inLanguage":"de","@id":"https:\/\/www.mondiale.be\/de\/nachrichten\/die-geschichte-von-mondiale-teil-6-6\/#primaryimage","url":"https:\/\/www.mondiale.be\/assets\/20191209_105101-scaled.jpg","contentUrl":"https:\/\/www.mondiale.be\/assets\/20191209_105101-scaled.jpg","width":2560,"height":1244,"caption":"Vader Guido en zoon Karel Dierick blazen Mondiale nieuw leven in."},{"@type":"BreadcrumbList","@id":"https:\/\/www.mondiale.be\/de\/nachrichten\/die-geschichte-von-mondiale-teil-6-6\/#breadcrumb","itemListElement":[{"@type":"ListItem","position":1,"name":"Home","item":"https:\/\/www.mondiale.be\/de\/home\/"},{"@type":"ListItem","position":2,"name":"News","item":"https:\/\/www.mondiale.be\/de\/nachrichten\/"},{"@type":"ListItem","position":3,"name":"Die Geschichte von Mondiale (Teil 6\/6)"}]},{"@type":"WebSite","@id":"https:\/\/www.mondiale.be\/de\/#website","url":"https:\/\/www.mondiale.be\/de\/","name":"Mondiale metalworking machines","description":"Your Machine Tool Partner","publisher":{"@id":"https:\/\/www.mondiale.be\/de\/#organization"},"alternateName":"Mondiale","potentialAction":[{"@type":"SearchAction","target":{"@type":"EntryPoint","urlTemplate":"https:\/\/www.mondiale.be\/de\/?s={search_term_string}"},"query-input":{"@type":"PropertyValueSpecification","valueRequired":true,"valueName":"search_term_string"}}],"inLanguage":"de"},{"@type":"Organization","@id":"https:\/\/www.mondiale.be\/de\/#organization","name":"Mondiale metalworking machines","alternateName":"Mondiale","url":"https:\/\/www.mondiale.be\/de\/","logo":{"@type":"ImageObject","inLanguage":"de","@id":"https:\/\/www.mondiale.be\/de\/#\/schema\/logo\/image\/","url":"https:\/\/www.mondiale.be\/assets\/logo-mondiale-notag-alt-color.svg","contentUrl":"https:\/\/www.mondiale.be\/assets\/logo-mondiale-notag-alt-color.svg","width":1,"height":1,"caption":"Mondiale metalworking machines"},"image":{"@id":"https:\/\/www.mondiale.be\/de\/#\/schema\/logo\/image\/"},"sameAs":["https:\/\/www.facebook.com\/mondialenv\/"]}]}},"_links":{"self":[{"href":"https:\/\/www.mondiale.be\/de\/wp-json\/wp\/v2\/news\/17398","targetHints":{"allow":["GET"]}}],"collection":[{"href":"https:\/\/www.mondiale.be\/de\/wp-json\/wp\/v2\/news"}],"about":[{"href":"https:\/\/www.mondiale.be\/de\/wp-json\/wp\/v2\/types\/news"}],"author":[{"embeddable":true,"href":"https:\/\/www.mondiale.be\/de\/wp-json\/wp\/v2\/users\/3"}],"version-history":[{"count":0,"href":"https:\/\/www.mondiale.be\/de\/wp-json\/wp\/v2\/news\/17398\/revisions"}],"wp:featuredmedia":[{"embeddable":true,"href":"https:\/\/www.mondiale.be\/de\/wp-json\/wp\/v2\/media\/17370"}],"wp:attachment":[{"href":"https:\/\/www.mondiale.be\/de\/wp-json\/wp\/v2\/media?parent=17398"}],"wp:term":[{"taxonomy":"news_category","embeddable":true,"href":"https:\/\/www.mondiale.be\/de\/wp-json\/wp\/v2\/news_category?post=17398"}],"curies":[{"name":"wp","href":"https:\/\/api.w.org\/{rel}","templated":true}]}}