{"id":17305,"date":"2020-04-07T11:03:59","date_gmt":"2020-04-07T09:03:59","guid":{"rendered":"https:\/\/www.mondiale.be\/news\/la-historia-de-mondiale-parte-4-6\/"},"modified":"2020-07-06T17:35:35","modified_gmt":"2020-07-06T15:35:35","slug":"la-historia-de-mondiale-parte-4-6","status":"publish","type":"news","link":"https:\/\/www.mondiale.be\/es\/noticias\/la-historia-de-mondiale-parte-4-6\/","title":{"rendered":"La historia de Mondiale (parte 4\/6)"},"content":{"rendered":"\t\t<div data-elementor-type=\"wp-post\" data-elementor-id=\"17305\" class=\"elementor elementor-17305 elementor-12938\" data-elementor-post-type=\"news\">\n\t\t\t\t\t\t<section class=\"elementor-section elementor-top-section elementor-element elementor-element-4b09afc4 elementor-section-boxed elementor-section-height-default elementor-section-height-default\" data-id=\"4b09afc4\" data-element_type=\"section\" data-e-type=\"section\">\n\t\t\t\t\t\t<div class=\"elementor-container elementor-column-gap-default\">\n\t\t\t\t\t<div class=\"elementor-column elementor-col-100 elementor-top-column elementor-element elementor-element-64db7502\" data-id=\"64db7502\" data-element_type=\"column\" data-e-type=\"column\">\n\t\t\t<div class=\"elementor-widget-wrap elementor-element-populated\">\n\t\t\t\t\t\t<div class=\"elementor-element elementor-element-35138543 elementor-widget elementor-widget-text-editor\" data-id=\"35138543\" data-element_type=\"widget\" data-e-type=\"widget\" data-widget_type=\"text-editor.default\">\n\t\t\t\t<div class=\"elementor-widget-container\">\n\t\t\t\t\t\t\t\t\t<p><em>La compa\u00f1\u00eda Mondiale existe desde hace casi 100 a\u00f1os. \u00bfPero sab\u00edan que nuestros or\u00edgenes van mucho m\u00e1s all\u00e1? Hasta 1860 para ser preciso. Cuando el negocio de la familia Fondu en Vilvoorde ayud\u00f3 a poner la industria del metal en el mapa de B\u00e9lgica. Desde 1921, esta compa\u00f1\u00eda lleva el nombre de Mondiale.<\/em><\/p>\n<p><em>Por d\u00e9cadas Vilvoorde fue el coraz\u00f3n latiente de los \u00abMondialistas\u00bb. Esta es la notable y hermosa historia de Mondiale, registrada para ustedes en una mini serie de 6 partes.<\/em><\/p>\n\t\t\t\t\t\t\t\t<\/div>\n\t\t\t\t<\/div>\n\t\t\t\t<div class=\"elementor-element elementor-element-5437436b elementor-widget elementor-widget-heading\" data-id=\"5437436b\" data-element_type=\"widget\" data-e-type=\"widget\" data-widget_type=\"heading.default\">\n\t\t\t\t<div class=\"elementor-widget-container\">\n\t\t\t\t\t<h2 class=\"elementor-heading-title elementor-size-default\">PARTE 4: 1936 a 1980<\/h2>\t\t\t\t<\/div>\n\t\t\t\t<\/div>\n\t\t\t\t<section class=\"elementor-section elementor-inner-section elementor-element elementor-element-c1a1ea7 elementor-section-content-middle elementor-section-boxed elementor-section-height-default elementor-section-height-default\" data-id=\"c1a1ea7\" data-element_type=\"section\" data-e-type=\"section\">\n\t\t\t\t\t\t<div class=\"elementor-container elementor-column-gap-no\">\n\t\t\t\t\t<div class=\"elementor-column elementor-col-50 elementor-inner-column elementor-element elementor-element-0c85a7c\" data-id=\"0c85a7c\" data-element_type=\"column\" data-e-type=\"column\">\n\t\t\t<div class=\"elementor-widget-wrap elementor-element-populated\">\n\t\t\t\t\t\t<div class=\"elementor-element elementor-element-7a93c56 elementor-invisible elementor-widget elementor-widget-image\" data-id=\"7a93c56\" data-element_type=\"widget\" data-e-type=\"widget\" data-settings=\"{&quot;_animation&quot;:&quot;fadeIn&quot;}\" data-widget_type=\"image.default\">\n\t\t\t\t<div class=\"elementor-widget-container\">\n\t\t\t\t\t\t\t\t\t\t\t\t<figure class=\"wp-caption\">\n\t\t\t\t\t\t\t\t\t\t<img fetchpriority=\"high\" decoding=\"async\" width=\"768\" height=\"1000\" src=\"https:\/\/www.mondiale.be\/assets\/deel4.1-768x1000.jpg\" class=\"attachment-medium_large size-medium_large wp-image-16388\" alt=\"De populaire M-draaibanken van Mondiale\" srcset=\"https:\/\/www.mondiale.be\/assets\/deel4.1-768x1000.jpg 768w, https:\/\/www.mondiale.be\/assets\/deel4.1-737x960.jpg 737w, https:\/\/www.mondiale.be\/assets\/deel4.1-1475x1920.jpg 1475w, https:\/\/www.mondiale.be\/assets\/deel4.1-1180x1536.jpg 1180w, https:\/\/www.mondiale.be\/assets\/deel4.1-1573x2048.jpg 1573w, https:\/\/www.mondiale.be\/assets\/deel4.1-scaled.jpg 1966w\" sizes=\"(max-width: 768px) 100vw, 768px\" \/>\t\t\t\t\t\t\t\t\t\t\t<figcaption class=\"widget-image-caption wp-caption-text\">De populaire M-draaibanken van Mondiale<\/figcaption>\n\t\t\t\t\t\t\t\t\t\t<\/figure>\n\t\t\t\t\t\t\t\t\t<\/div>\n\t\t\t\t<\/div>\n\t\t\t\t\t<\/div>\n\t\t<\/div>\n\t\t\t\t<div class=\"elementor-column elementor-col-50 elementor-inner-column elementor-element elementor-element-cdac837\" data-id=\"cdac837\" data-element_type=\"column\" data-e-type=\"column\">\n\t\t\t<div class=\"elementor-widget-wrap elementor-element-populated\">\n\t\t\t\t\t\t<div class=\"elementor-element elementor-element-2f4f3ec elementor-widget elementor-widget-text-editor\" data-id=\"2f4f3ec\" data-element_type=\"widget\" data-e-type=\"widget\" data-widget_type=\"text-editor.default\">\n\t\t\t\t<div class=\"elementor-widget-container\">\n\t\t\t\t\t\t\t\t\t<p>A partir de <strong>1936<\/strong>, Mondiale comenz\u00f3 a producir <strong>tornos<\/strong> en grandes cantidades.<\/p>\n<p>Al principio todav\u00eda uno por uno, pero para el modelo \u00abM\u00bb se cre\u00f3 una <strong>l\u00ednea de montaje<\/strong> en <strong>1938<\/strong>.<\/p>\n<p>Estos <strong>tornos M<\/strong> fueron, por cierto, los primeros tornos equipados con su <strong>propio motor<\/strong>. Durante los 10 a\u00f1os siguientes, <strong>miles<\/strong> de ellos salieron de la l\u00ednea de montaje. Se los vend\u00eda en todo el mundo.<\/p>\n\t\t\t\t\t\t\t\t<\/div>\n\t\t\t\t<\/div>\n\t\t\t\t\t<\/div>\n\t\t<\/div>\n\t\t\t\t\t<\/div>\n\t\t<\/section>\n\t\t\t\t<section class=\"elementor-section elementor-inner-section elementor-element elementor-element-7bf00166 elementor-section-content-middle elementor-reverse-tablet elementor-reverse-mobile elementor-section-boxed elementor-section-height-default elementor-section-height-default\" data-id=\"7bf00166\" data-element_type=\"section\" data-e-type=\"section\">\n\t\t\t\t\t\t<div class=\"elementor-container elementor-column-gap-no\">\n\t\t\t\t\t<div class=\"elementor-column elementor-col-50 elementor-inner-column elementor-element elementor-element-53003e5a\" data-id=\"53003e5a\" data-element_type=\"column\" data-e-type=\"column\">\n\t\t\t<div class=\"elementor-widget-wrap elementor-element-populated\">\n\t\t\t\t\t\t<div class=\"elementor-element elementor-element-7fc91e86 elementor-widget elementor-widget-heading\" data-id=\"7fc91e86\" data-element_type=\"widget\" data-e-type=\"widget\" data-widget_type=\"heading.default\">\n\t\t\t\t<div class=\"elementor-widget-container\">\n\t\t\t\t\t<h2 class=\"elementor-heading-title elementor-size-default\">Los turbulentos a\u00f1os de la guerra<\/h2>\t\t\t\t<\/div>\n\t\t\t\t<\/div>\n\t\t\t\t<div class=\"elementor-element elementor-element-658b28ac elementor-widget elementor-widget-text-editor\" data-id=\"658b28ac\" data-element_type=\"widget\" data-e-type=\"widget\" data-widget_type=\"text-editor.default\">\n\t\t\t\t<div class=\"elementor-widget-container\">\n\t\t\t\t\t\t\t\t\t<p>Cuando los <strong>alemanes<\/strong> invadieron nuestro pa\u00eds, algunos miembros de la junta y empleados huyeron a una f\u00e1brica en <strong>Francia<\/strong>. La intenci\u00f3n era mover <strong>todo el mobiliario<\/strong> all\u00ed. Pero esos planes se <strong>frustraron <\/strong>&#8230;<\/p>\n<p>Los <strong>alemanes<\/strong> reclamaron la f\u00e1brica de Mondiale en Vilvoorde e hicieron producir all\u00ed <strong>los tornos RE<\/strong>. Estos fueron entregados a Alemania, muy probablemente para la <strong>industria de la guerra<\/strong>.<\/p>\n<p>Aunque Vilvoorde fue fuertemente <strong>bombardeada<\/strong> durante la Segunda Guerra Mundial, el sitio de Mondiale <strong>se salv\u00f3<\/strong> milagrosamente.<\/p>\n\t\t\t\t\t\t\t\t<\/div>\n\t\t\t\t<\/div>\n\t\t\t\t\t<\/div>\n\t\t<\/div>\n\t\t\t\t<div class=\"elementor-column elementor-col-50 elementor-inner-column elementor-element elementor-element-3a4a0c6d\" data-id=\"3a4a0c6d\" data-element_type=\"column\" data-e-type=\"column\">\n\t\t\t<div class=\"elementor-widget-wrap elementor-element-populated\">\n\t\t\t\t\t\t<div class=\"elementor-element elementor-element-29c92d50 elementor-invisible elementor-widget elementor-widget-image\" data-id=\"29c92d50\" data-element_type=\"widget\" data-e-type=\"widget\" data-settings=\"{&quot;_animation&quot;:&quot;fadeIn&quot;}\" data-widget_type=\"image.default\">\n\t\t\t\t<div class=\"elementor-widget-container\">\n\t\t\t\t\t\t\t\t\t\t\t\t<figure class=\"wp-caption\">\n\t\t\t\t\t\t\t\t\t\t<img decoding=\"async\" width=\"768\" height=\"597\" src=\"https:\/\/www.mondiale.be\/assets\/deel4.2-768x597.jpg\" class=\"attachment-medium_large size-medium_large wp-image-16393\" alt=\"Draaibank type &quot;RE&quot; die werd geproduceerd tussen 1941-46\" srcset=\"https:\/\/www.mondiale.be\/assets\/deel4.2-768x597.jpg 768w, https:\/\/www.mondiale.be\/assets\/deel4.2-960x746.jpg 960w, https:\/\/www.mondiale.be\/assets\/deel4.2-1920x1493.jpg 1920w, https:\/\/www.mondiale.be\/assets\/deel4.2-1536x1194.jpg 1536w, https:\/\/www.mondiale.be\/assets\/deel4.2-2048x1593.jpg 2048w\" sizes=\"(max-width: 768px) 100vw, 768px\" \/>\t\t\t\t\t\t\t\t\t\t\t<figcaption class=\"widget-image-caption wp-caption-text\">Draaibank type \"RE\" die werd geproduceerd tijdens WOII<\/figcaption>\n\t\t\t\t\t\t\t\t\t\t<\/figure>\n\t\t\t\t\t\t\t\t\t<\/div>\n\t\t\t\t<\/div>\n\t\t\t\t\t<\/div>\n\t\t<\/div>\n\t\t\t\t\t<\/div>\n\t\t<\/section>\n\t\t\t\t<div class=\"elementor-element elementor-element-18f5260 elementor-widget elementor-widget-heading\" data-id=\"18f5260\" data-element_type=\"widget\" data-e-type=\"widget\" data-widget_type=\"heading.default\">\n\t\t\t\t<div class=\"elementor-widget-container\">\n\t\t\t\t\t<h2 class=\"elementor-heading-title elementor-size-default\">Los a\u00f1os 50<\/h2>\t\t\t\t<\/div>\n\t\t\t\t<\/div>\n\t\t\t\t<div class=\"elementor-element elementor-element-56d94dc elementor-widget elementor-widget-text-editor\" data-id=\"56d94dc\" data-element_type=\"widget\" data-e-type=\"widget\" data-widget_type=\"text-editor.default\">\n\t\t\t\t<div class=\"elementor-widget-container\">\n\t\t\t\t\t\t\t\t\t<p>Poco despu\u00e9s de la guerra, Mondiale desarroll\u00f3 un <strong>producto completamente nuevo<\/strong>: el variator o \u00ab<strong>variateur<\/strong>\u00ab. Esto hizo que fuera muy <strong>f\u00e1cil acelerar o reducir la velocidad<\/strong> de cualquier m\u00e1quina. Era una opci\u00f3n popular en el <strong>torno V<\/strong>, sucesor del torno M.<\/p>\n\t\t\t\t\t\t\t\t<\/div>\n\t\t\t\t<\/div>\n\t\t\t\t<div class=\"elementor-element elementor-element-251b840e elementor-invisible elementor-widget elementor-widget-image\" data-id=\"251b840e\" data-element_type=\"widget\" data-e-type=\"widget\" data-settings=\"{&quot;_animation&quot;:&quot;fadeIn&quot;}\" data-widget_type=\"image.default\">\n\t\t\t\t<div class=\"elementor-widget-container\">\n\t\t\t\t\t\t\t\t\t\t\t\t<figure class=\"wp-caption\">\n\t\t\t\t\t\t\t\t\t\t<img decoding=\"async\" width=\"800\" height=\"628\" src=\"https:\/\/www.mondiale.be\/assets\/deel4.3-1920x1506.jpg\" class=\"attachment-large size-large wp-image-16398\" alt=\"Zicht op \u00e9\u00e9n van de Mondiale werkplaatsen\" srcset=\"https:\/\/www.mondiale.be\/assets\/deel4.3-1920x1506.jpg 1920w, https:\/\/www.mondiale.be\/assets\/deel4.3-960x753.jpg 960w, https:\/\/www.mondiale.be\/assets\/deel4.3-768x603.jpg 768w, https:\/\/www.mondiale.be\/assets\/deel4.3-1536x1205.jpg 1536w, https:\/\/www.mondiale.be\/assets\/deel4.3-2048x1607.jpg 2048w\" sizes=\"(max-width: 800px) 100vw, 800px\" \/>\t\t\t\t\t\t\t\t\t\t\t<figcaption class=\"widget-image-caption wp-caption-text\">Zicht op \u00e9\u00e9n van de Mondiale werkplaatsen<\/figcaption>\n\t\t\t\t\t\t\t\t\t\t<\/figure>\n\t\t\t\t\t\t\t\t\t<\/div>\n\t\t\t\t<\/div>\n\t\t\t\t<div class=\"elementor-element elementor-element-d8efaba elementor-widget elementor-widget-text-editor\" data-id=\"d8efaba\" data-element_type=\"widget\" data-e-type=\"widget\" data-widget_type=\"text-editor.default\">\n\t\t\t\t<div class=\"elementor-widget-container\">\n\t\t\t\t\t\t\t\t\t<p><strong>Mondiale <\/strong>cont\u00f3 al menos a <strong>500 trabajadores<\/strong> durante este per\u00edodo y export\u00f3 entre el 80 y el 90 % de sus tornos. Las <strong>escuelas t\u00e9cnicas<\/strong> en particular eran un cliente importante en ese momento. Poco a poco se fueron a\u00f1adiendo <strong>varios modelos<\/strong> a la gama, como el <strong>Simplex<\/strong>, el <strong>Viking<\/strong> y m\u00e1s tarde el<strong> Selectronic.<\/strong><\/p>\n\t\t\t\t\t\t\t\t<\/div>\n\t\t\t\t<\/div>\n\t\t\t\t<div class=\"elementor-element elementor-element-48d809b5 elementor-widget elementor-widget-heading\" data-id=\"48d809b5\" data-element_type=\"widget\" data-e-type=\"widget\" data-widget_type=\"heading.default\">\n\t\t\t\t<div class=\"elementor-widget-container\">\n\t\t\t\t\t<h2 class=\"elementor-heading-title elementor-size-default\">De 1960 a 1970<\/h2>\t\t\t\t<\/div>\n\t\t\t\t<\/div>\n\t\t\t\t<div class=\"elementor-element elementor-element-cea0173 elementor-widget elementor-widget-text-editor\" data-id=\"cea0173\" data-element_type=\"widget\" data-e-type=\"widget\" data-widget_type=\"text-editor.default\">\n\t\t\t\t<div class=\"elementor-widget-container\">\n\t\t\t\t\t\t\t\t\t<p>Pero la compa\u00f1\u00eda s\u00f3lo experiment\u00f3 <strong>tiempos dorados<\/strong> cuando el comercio dentro de <strong>Europa era libre<\/strong>. Con su \u00faltimo torno, el <strong>CELTIC 14<\/strong>, Mondiale realmente conquist\u00f3 el mundo entero.<\/p>\n\t\t\t\t\t\t\t\t<\/div>\n\t\t\t\t<\/div>\n\t\t\t\t<div class=\"elementor-element elementor-element-1d5d6628 elementor-invisible elementor-widget elementor-widget-image\" data-id=\"1d5d6628\" data-element_type=\"widget\" data-e-type=\"widget\" data-settings=\"{&quot;_animation&quot;:&quot;fadeIn&quot;}\" data-widget_type=\"image.default\">\n\t\t\t\t<div class=\"elementor-widget-container\">\n\t\t\t\t\t\t\t\t\t\t\t\t<figure class=\"wp-caption\">\n\t\t\t\t\t\t\t\t\t\t<img loading=\"lazy\" decoding=\"async\" width=\"800\" height=\"455\" src=\"https:\/\/www.mondiale.be\/assets\/deel4.4-1920x1093.jpg\" class=\"attachment-large size-large wp-image-16403\" alt=\"Links: Mondiale Celtic 14 - Rechts: freesmachine Delta\" srcset=\"https:\/\/www.mondiale.be\/assets\/deel4.4-1920x1093.jpg 1920w, https:\/\/www.mondiale.be\/assets\/deel4.4-960x547.jpg 960w, https:\/\/www.mondiale.be\/assets\/deel4.4-768x437.jpg 768w, https:\/\/www.mondiale.be\/assets\/deel4.4-1536x875.jpg 1536w, https:\/\/www.mondiale.be\/assets\/deel4.4-2048x1166.jpg 2048w\" sizes=\"(max-width: 800px) 100vw, 800px\" \/>\t\t\t\t\t\t\t\t\t\t\t<figcaption class=\"widget-image-caption wp-caption-text\">Links: Mondiale Celtic 14 - Rechts: freesmachine Delta<\/figcaption>\n\t\t\t\t\t\t\t\t\t\t<\/figure>\n\t\t\t\t\t\t\t\t\t<\/div>\n\t\t\t\t<\/div>\n\t\t\t\t<div class=\"elementor-element elementor-element-2e037aa elementor-widget elementor-widget-text-editor\" data-id=\"2e037aa\" data-element_type=\"widget\" data-e-type=\"widget\" data-widget_type=\"text-editor.default\">\n\t\t\t\t<div class=\"elementor-widget-container\">\n\t\t\t\t\t\t\t\t\t<p>M\u00e1s tarde sigui\u00f3 la igualmente popular <strong>serie GALLIC<\/strong>. Incluso m\u00e1s tarde, se a\u00f1adieron m\u00e1quinas fresadoras, nombradas <strong>DELTA<\/strong> y <strong>VIKING<\/strong>. Y con <strong>GALLICOP,<\/strong> el primer torno (semi-)autom\u00e1tico entr\u00f3 en la gama en 1966.<\/p>\n\t\t\t\t\t\t\t\t<\/div>\n\t\t\t\t<\/div>\n\t\t\t\t<section class=\"elementor-section elementor-inner-section elementor-element elementor-element-7c6a5b86 elementor-section-content-middle elementor-section-boxed elementor-section-height-default elementor-section-height-default\" data-id=\"7c6a5b86\" data-element_type=\"section\" data-e-type=\"section\">\n\t\t\t\t\t\t<div class=\"elementor-container elementor-column-gap-no\">\n\t\t\t\t\t<div class=\"elementor-column elementor-col-50 elementor-inner-column elementor-element elementor-element-40eaa3d5\" data-id=\"40eaa3d5\" data-element_type=\"column\" data-e-type=\"column\">\n\t\t\t<div class=\"elementor-widget-wrap elementor-element-populated\">\n\t\t\t\t\t\t<div class=\"elementor-element elementor-element-774ef450 elementor-invisible elementor-widget elementor-widget-image\" data-id=\"774ef450\" data-element_type=\"widget\" data-e-type=\"widget\" data-settings=\"{&quot;_animation&quot;:&quot;fadeIn&quot;}\" data-widget_type=\"image.default\">\n\t\t\t\t<div class=\"elementor-widget-container\">\n\t\t\t\t\t\t\t\t\t\t\t\t<figure class=\"wp-caption\">\n\t\t\t\t\t\t\t\t\t\t<img loading=\"lazy\" decoding=\"async\" width=\"768\" height=\"494\" src=\"https:\/\/www.mondiale.be\/assets\/deel4.5-768x494.jpg\" class=\"attachment-medium_large size-medium_large wp-image-16408\" alt=\"Links: freesmachine Viking 3-MA - Rechts: draaibank Gallicop\" srcset=\"https:\/\/www.mondiale.be\/assets\/deel4.5-768x494.jpg 768w, https:\/\/www.mondiale.be\/assets\/deel4.5-960x618.jpg 960w, https:\/\/www.mondiale.be\/assets\/deel4.5-1920x1235.jpg 1920w, https:\/\/www.mondiale.be\/assets\/deel4.5-1536x988.jpg 1536w, https:\/\/www.mondiale.be\/assets\/deel4.5-2048x1317.jpg 2048w\" sizes=\"(max-width: 768px) 100vw, 768px\" \/>\t\t\t\t\t\t\t\t\t\t\t<figcaption class=\"widget-image-caption wp-caption-text\">Links: freesmachine Viking 3-MA - Rechts: draaibank Gallicop<\/figcaption>\n\t\t\t\t\t\t\t\t\t\t<\/figure>\n\t\t\t\t\t\t\t\t\t<\/div>\n\t\t\t\t<\/div>\n\t\t\t\t\t<\/div>\n\t\t<\/div>\n\t\t\t\t<div class=\"elementor-column elementor-col-50 elementor-inner-column elementor-element elementor-element-721b0094\" data-id=\"721b0094\" data-element_type=\"column\" data-e-type=\"column\">\n\t\t\t<div class=\"elementor-widget-wrap elementor-element-populated\">\n\t\t\t\t\t\t<div class=\"elementor-element elementor-element-78fb3560 elementor-widget elementor-widget-text-editor\" data-id=\"78fb3560\" data-element_type=\"widget\" data-e-type=\"widget\" data-widget_type=\"text-editor.default\">\n\t\t\t\t<div class=\"elementor-widget-container\">\n\t\t\t\t\t\t\t\t\t<p>Una m\u00e1quina de Mondiale no s\u00f3lo era <strong>funcional<\/strong>, sino que tambi\u00e9n era un <strong>objeto de todas las miradas<\/strong> en el taller. Por eso Mondiale recibi\u00f3 varias veces el <strong>sello de calidad Le Signe d&#8217;Or<\/strong> (la Marca de Oro) del Instituto Belga de Dise\u00f1o Industrial.<\/p>\n\t\t\t\t\t\t\t\t<\/div>\n\t\t\t\t<\/div>\n\t\t\t\t\t<\/div>\n\t\t<\/div>\n\t\t\t\t\t<\/div>\n\t\t<\/section>\n\t\t\t\t<section class=\"elementor-section elementor-inner-section elementor-element elementor-element-20f2727 elementor-section-content-middle elementor-reverse-tablet elementor-reverse-mobile elementor-section-boxed elementor-section-height-default elementor-section-height-default\" data-id=\"20f2727\" data-element_type=\"section\" data-e-type=\"section\">\n\t\t\t\t\t\t<div class=\"elementor-container elementor-column-gap-no\">\n\t\t\t\t\t<div class=\"elementor-column elementor-col-50 elementor-inner-column elementor-element elementor-element-acd273d\" data-id=\"acd273d\" data-element_type=\"column\" data-e-type=\"column\">\n\t\t\t<div class=\"elementor-widget-wrap elementor-element-populated\">\n\t\t\t\t\t\t<div class=\"elementor-element elementor-element-6c2941c elementor-widget elementor-widget-heading\" data-id=\"6c2941c\" data-element_type=\"widget\" data-e-type=\"widget\" data-widget_type=\"heading.default\">\n\t\t\t\t<div class=\"elementor-widget-container\">\n\t\t\t\t\t<h2 class=\"elementor-heading-title elementor-size-default\">Mondiale en la educaci\u00f3n<\/h2>\t\t\t\t<\/div>\n\t\t\t\t<\/div>\n\t\t\t\t<div class=\"elementor-element elementor-element-dc897e3 elementor-widget elementor-widget-text-editor\" data-id=\"dc897e3\" data-element_type=\"widget\" data-e-type=\"widget\" data-widget_type=\"text-editor.default\">\n\t\t\t\t<div class=\"elementor-widget-container\">\n\t\t\t\t\t\t\t\t\t<p>Mondiale suministr\u00f3 tornos y fresadoras <strong>a gran escala<\/strong> a <strong>escuelas t\u00e9cnicas<\/strong>, tanto en el pa\u00eds como en el extranjero, hasta la d\u00e9cada de 1970.<\/p>\n<p>Incluso se hizo una versi\u00f3n especial del modelo <strong>Simplex<\/strong> con fines educativos.<\/p>\n<p>Adem\u00e1s, Mondiale desarroll\u00f3 valiosos <strong>instrumentos did\u00e1cticos<\/strong> para lecciones pr\u00e1cticas con los dispositivos \u00ab<strong>Tic-Tac<\/strong>\u00bb y \u00ab<strong>Didacton<\/strong>\u00ab. Y la compa\u00f1\u00eda tambi\u00e9n se asoci\u00f3 con la <strong>BRT<\/strong> de la \u00e9poca para las emisiones de <strong>televisi\u00f3n escolar<\/strong>.<\/p>\n\t\t\t\t\t\t\t\t<\/div>\n\t\t\t\t<\/div>\n\t\t\t\t\t<\/div>\n\t\t<\/div>\n\t\t\t\t<div class=\"elementor-column elementor-col-50 elementor-inner-column elementor-element elementor-element-6f84c5b\" data-id=\"6f84c5b\" data-element_type=\"column\" data-e-type=\"column\">\n\t\t\t<div class=\"elementor-widget-wrap elementor-element-populated\">\n\t\t\t\t\t\t<div class=\"elementor-element elementor-element-a03e722 elementor-invisible elementor-widget elementor-widget-image\" data-id=\"a03e722\" data-element_type=\"widget\" data-e-type=\"widget\" data-settings=\"{&quot;_animation&quot;:&quot;fadeIn&quot;}\" data-widget_type=\"image.default\">\n\t\t\t\t<div class=\"elementor-widget-container\">\n\t\t\t\t\t\t\t\t\t\t\t\t<figure class=\"wp-caption\">\n\t\t\t\t\t\t\t\t\t\t<img loading=\"lazy\" decoding=\"async\" width=\"768\" height=\"1076\" src=\"https:\/\/www.mondiale.be\/assets\/deel4.6-768x1076.jpg\" class=\"attachment-medium_large size-medium_large wp-image-16413\" alt=\"Model Simplex, speciaal gebouwd voor het Technisch Onderwijs\" srcset=\"https:\/\/www.mondiale.be\/assets\/deel4.6-768x1076.jpg 768w, https:\/\/www.mondiale.be\/assets\/deel4.6-685x960.jpg 685w, https:\/\/www.mondiale.be\/assets\/deel4.6-1370x1920.jpg 1370w, https:\/\/www.mondiale.be\/assets\/deel4.6-1096x1536.jpg 1096w, https:\/\/www.mondiale.be\/assets\/deel4.6-1461x2048.jpg 1461w, https:\/\/www.mondiale.be\/assets\/deel4.6.jpg 1805w\" sizes=\"(max-width: 768px) 100vw, 768px\" \/>\t\t\t\t\t\t\t\t\t\t\t<figcaption class=\"widget-image-caption wp-caption-text\">Model Simplex, speciaal gebouwd voor het Technisch Onderwijs<\/figcaption>\n\t\t\t\t\t\t\t\t\t\t<\/figure>\n\t\t\t\t\t\t\t\t\t<\/div>\n\t\t\t\t<\/div>\n\t\t\t\t\t<\/div>\n\t\t<\/div>\n\t\t\t\t\t<\/div>\n\t\t<\/section>\n\t\t\t\t<section class=\"elementor-section elementor-inner-section elementor-element elementor-element-4268aa2 elementor-section-content-middle elementor-section-boxed elementor-section-height-default elementor-section-height-default\" data-id=\"4268aa2\" data-element_type=\"section\" data-e-type=\"section\">\n\t\t\t\t\t\t<div class=\"elementor-container elementor-column-gap-no\">\n\t\t\t\t\t<div class=\"elementor-column elementor-col-50 elementor-inner-column elementor-element elementor-element-cd35770\" data-id=\"cd35770\" data-element_type=\"column\" data-e-type=\"column\">\n\t\t\t<div class=\"elementor-widget-wrap elementor-element-populated\">\n\t\t\t\t\t\t<div class=\"elementor-element elementor-element-ba8fe06 elementor-invisible elementor-widget elementor-widget-image\" data-id=\"ba8fe06\" data-element_type=\"widget\" data-e-type=\"widget\" data-settings=\"{&quot;_animation&quot;:&quot;fadeIn&quot;}\" data-widget_type=\"image.default\">\n\t\t\t\t<div class=\"elementor-widget-container\">\n\t\t\t\t\t\t\t\t\t\t\t\t<figure class=\"wp-caption\">\n\t\t\t\t\t\t\t\t\t\t<img loading=\"lazy\" decoding=\"async\" width=\"768\" height=\"956\" src=\"https:\/\/www.mondiale.be\/assets\/deel4.7-768x956.jpg\" class=\"attachment-medium_large size-medium_large wp-image-16418\" alt=\"Emile Delataille, 44 jaar lang Directeur-G\u00e9n\u00e9ral van Mondiale\" srcset=\"https:\/\/www.mondiale.be\/assets\/deel4.7-768x956.jpg 768w, https:\/\/www.mondiale.be\/assets\/deel4.7-771x960.jpg 771w, https:\/\/www.mondiale.be\/assets\/deel4.7-1542x1920.jpg 1542w, https:\/\/www.mondiale.be\/assets\/deel4.7-1234x1536.jpg 1234w, https:\/\/www.mondiale.be\/assets\/deel4.7-1645x2048.jpg 1645w\" sizes=\"(max-width: 768px) 100vw, 768px\" \/>\t\t\t\t\t\t\t\t\t\t\t<figcaption class=\"widget-image-caption wp-caption-text\">Emile Delataille, 44 jaar lang Directeur-G\u00e9n\u00e9ral van Mondiale<\/figcaption>\n\t\t\t\t\t\t\t\t\t\t<\/figure>\n\t\t\t\t\t\t\t\t\t<\/div>\n\t\t\t\t<\/div>\n\t\t\t\t\t<\/div>\n\t\t<\/div>\n\t\t\t\t<div class=\"elementor-column elementor-col-50 elementor-inner-column elementor-element elementor-element-0a3764f\" data-id=\"0a3764f\" data-element_type=\"column\" data-e-type=\"column\">\n\t\t\t<div class=\"elementor-widget-wrap elementor-element-populated\">\n\t\t\t\t\t\t<div class=\"elementor-element elementor-element-0d80b17 elementor-widget elementor-widget-heading\" data-id=\"0d80b17\" data-element_type=\"widget\" data-e-type=\"widget\" data-widget_type=\"heading.default\">\n\t\t\t\t<div class=\"elementor-widget-container\">\n\t\t\t\t\t<h2 class=\"elementor-heading-title elementor-size-default\">De 1970 a 1980<\/h2>\t\t\t\t<\/div>\n\t\t\t\t<\/div>\n\t\t\t\t<div class=\"elementor-element elementor-element-e85e73d elementor-widget elementor-widget-text-editor\" data-id=\"e85e73d\" data-element_type=\"widget\" data-e-type=\"widget\" data-widget_type=\"text-editor.default\">\n\t\t\t\t<div class=\"elementor-widget-container\">\n\t\t\t\t\t\t\t\t\t<p>Todo este tiempo Mondiale fue <strong>h\u00e1bilmente<\/strong> guiado a trav\u00e9s de sus altibajos por el Sr. <strong>Emile Delataille<\/strong> (nacido en 1898). Fue <strong>Director General<\/strong> durante 44 a\u00f1os hasta su muerte en <strong>1975<\/strong>.<\/p>\n<p>Hasta entonces, la compa\u00f1\u00eda &#8211; entretanto \u00ab<strong>Mondiale NV (SA)<\/strong>\u00bb &#8211; tambi\u00e9n resisti\u00f3 bien los caprichos del mercado. Pero la crisis del <strong>petr\u00f3leo de 1974<\/strong> cambi\u00f3 irrevocablemente la marea.<\/p>\n<p>Mondiale siempre m\u00e1s ten\u00eda competir con los <strong>pa\u00edses con salarios bajos<\/strong> y no se centraba inmediatamente en los tornos de control num\u00e9rico.<\/p>\n<p>El volumen de negocios cay\u00f3 dr\u00e1sticamente y a partir de <strong>1977<\/strong> la situaci\u00f3n se volvi\u00f3 <strong>cr\u00edtica<\/strong>.<\/p>\n<p>Ni un acuerdo judicial, ni una <strong>reorganizaci\u00f3n interna<\/strong> e incluso un <strong>programa de apoyo<\/strong> gubernamental pudieron salvarla.<\/p>\n\t\t\t\t\t\t\t\t<\/div>\n\t\t\t\t<\/div>\n\t\t\t\t\t<\/div>\n\t\t<\/div>\n\t\t\t\t\t<\/div>\n\t\t<\/section>\n\t\t\t\t<section class=\"elementor-section elementor-inner-section elementor-element elementor-element-2fea228 elementor-section-content-middle elementor-reverse-tablet elementor-reverse-mobile elementor-section-boxed elementor-section-height-default elementor-section-height-default\" data-id=\"2fea228\" data-element_type=\"section\" data-e-type=\"section\">\n\t\t\t\t\t\t<div class=\"elementor-container elementor-column-gap-no\">\n\t\t\t\t\t<div class=\"elementor-column elementor-col-50 elementor-inner-column elementor-element elementor-element-d216d69\" data-id=\"d216d69\" data-element_type=\"column\" data-e-type=\"column\">\n\t\t\t<div class=\"elementor-widget-wrap elementor-element-populated\">\n\t\t\t\t\t\t<div class=\"elementor-element elementor-element-49f6919 elementor-widget elementor-widget-text-editor\" data-id=\"49f6919\" data-element_type=\"widget\" data-e-type=\"widget\" data-widget_type=\"text-editor.default\">\n\t\t\t\t<div class=\"elementor-widget-container\">\n\t\t\t\t\t\t\t\t\t<p>En septiembre de <strong>1980<\/strong>, se declar\u00f3 la <strong>bancarrota<\/strong>. Los trabajadores <strong>bloquearon<\/strong> la carretera principal de Bruselas-Malinas con la esperanza de obtener algo del gobierno.<\/p>\n<p>Pero desafortunadamente &#8230; <strong>266<\/strong> empleados perdieron sus trabajos. Y B\u00e9lgica perdi\u00f3 a uno de sus mejores fabricantes de m\u00e1quinas herramientas.<\/p>\n<p>\u00bfO no? \u00a1<\/p>\n<p>Eso lo leer\u00e1n en la siguiente parte de esta maravillosa historia de Mondiale!<\/p>\n\t\t\t\t\t\t\t\t<\/div>\n\t\t\t\t<\/div>\n\t\t\t\t\t<\/div>\n\t\t<\/div>\n\t\t\t\t<div class=\"elementor-column elementor-col-50 elementor-inner-column elementor-element elementor-element-6146c8f\" data-id=\"6146c8f\" data-element_type=\"column\" data-e-type=\"column\">\n\t\t\t<div class=\"elementor-widget-wrap elementor-element-populated\">\n\t\t\t\t\t\t<div class=\"elementor-element elementor-element-2070ce1 elementor-invisible elementor-widget elementor-widget-image\" data-id=\"2070ce1\" data-element_type=\"widget\" data-e-type=\"widget\" data-settings=\"{&quot;_animation&quot;:&quot;fadeIn&quot;}\" data-widget_type=\"image.default\">\n\t\t\t\t<div class=\"elementor-widget-container\">\n\t\t\t\t\t\t\t\t\t\t\t\t<figure class=\"wp-caption\">\n\t\t\t\t\t\t\t\t\t\t<img loading=\"lazy\" decoding=\"async\" width=\"768\" height=\"601\" src=\"https:\/\/www.mondiale.be\/assets\/deel4.8-768x601.jpg\" class=\"attachment-medium_large size-medium_large wp-image-16423\" alt=\"Werknemers van Mondiale blokkeren de weg\" srcset=\"https:\/\/www.mondiale.be\/assets\/deel4.8-768x601.jpg 768w, https:\/\/www.mondiale.be\/assets\/deel4.8-960x752.jpg 960w, https:\/\/www.mondiale.be\/assets\/deel4.8-1920x1503.jpg 1920w, https:\/\/www.mondiale.be\/assets\/deel4.8-1536x1202.jpg 1536w, https:\/\/www.mondiale.be\/assets\/deel4.8-2048x1603.jpg 2048w\" sizes=\"(max-width: 768px) 100vw, 768px\" \/>\t\t\t\t\t\t\t\t\t\t\t<figcaption class=\"widget-image-caption wp-caption-text\">Werknemers van Mondiale blokkeren de weg <\/figcaption>\n\t\t\t\t\t\t\t\t\t\t<\/figure>\n\t\t\t\t\t\t\t\t\t<\/div>\n\t\t\t\t<\/div>\n\t\t\t\t\t<\/div>\n\t\t<\/div>\n\t\t\t\t\t<\/div>\n\t\t<\/section>\n\t\t\t\t<div class=\"elementor-element elementor-element-4d7c225 elementor-widget elementor-widget-spacer\" data-id=\"4d7c225\" data-element_type=\"widget\" data-e-type=\"widget\" data-widget_type=\"spacer.default\">\n\t\t\t\t<div class=\"elementor-widget-container\">\n\t\t\t\t\t\t\t<div class=\"elementor-spacer\">\n\t\t\t<div class=\"elementor-spacer-inner\"><\/div>\n\t\t<\/div>\n\t\t\t\t\t\t<\/div>\n\t\t\t\t<\/div>\n\t\t\t\t<section class=\"elementor-section elementor-inner-section elementor-element elementor-element-258b2459 elementor-section-content-middle elementor-section-boxed elementor-section-height-default elementor-section-height-default\" data-id=\"258b2459\" data-element_type=\"section\" data-e-type=\"section\">\n\t\t\t\t\t\t<div class=\"elementor-container elementor-column-gap-no\">\n\t\t\t\t\t<div class=\"elementor-column elementor-col-50 elementor-inner-column elementor-element elementor-element-5ee511cf\" data-id=\"5ee511cf\" data-element_type=\"column\" data-e-type=\"column\">\n\t\t\t<div class=\"elementor-widget-wrap elementor-element-populated\">\n\t\t\t\t\t\t<div class=\"elementor-element elementor-element-7bc7d213 elementor-widget elementor-widget-text-editor\" data-id=\"7bc7d213\" data-element_type=\"widget\" data-e-type=\"widget\" data-widget_type=\"text-editor.default\">\n\t\t\t\t<div class=\"elementor-widget-container\">\n\t\t\t\t\t\t\t\t\t<p>La historia de Mondiale (parte 5\/6)<\/p>\n\t\t\t\t\t\t\t\t<\/div>\n\t\t\t\t<\/div>\n\t\t\t\t\t<\/div>\n\t\t<\/div>\n\t\t\t\t<div class=\"elementor-column elementor-col-50 elementor-inner-column elementor-element elementor-element-3c8d520a\" data-id=\"3c8d520a\" data-element_type=\"column\" data-e-type=\"column\">\n\t\t\t<div class=\"elementor-widget-wrap elementor-element-populated\">\n\t\t\t\t\t\t<div class=\"elementor-element elementor-element-648e1414 elementor-align-right elementor-mobile-align-justify elementor-widget elementor-widget-button\" data-id=\"648e1414\" data-element_type=\"widget\" data-e-type=\"widget\" data-widget_type=\"button.default\">\n\t\t\t\t<div class=\"elementor-widget-container\">\n\t\t\t\t\t\t\t\t\t<div class=\"elementor-button-wrapper\">\n\t\t\t\t\t<a class=\"elementor-button elementor-size-md\" role=\"button\">\n\t\t\t\t\t\t<span class=\"elementor-button-content-wrapper\">\n\t\t\t\t\t\t\t\t\t<span class=\"elementor-button-text\">LEER M\u00c1S &raquo;<\/span>\n\t\t\t\t\t<\/span>\n\t\t\t\t\t<\/a>\n\t\t\t\t<\/div>\n\t\t\t\t\t\t\t\t<\/div>\n\t\t\t\t<\/div>\n\t\t\t\t\t<\/div>\n\t\t<\/div>\n\t\t\t\t\t<\/div>\n\t\t<\/section>\n\t\t\t\t<div class=\"elementor-element elementor-element-1ad8d765 elementor-widget-divider--view-line elementor-widget elementor-widget-divider\" data-id=\"1ad8d765\" data-element_type=\"widget\" data-e-type=\"widget\" data-widget_type=\"divider.default\">\n\t\t\t\t<div class=\"elementor-widget-container\">\n\t\t\t\t\t\t\t<div class=\"elementor-divider\">\n\t\t\t<span class=\"elementor-divider-separator\">\n\t\t\t\t\t\t<\/span>\n\t\t<\/div>\n\t\t\t\t\t\t<\/div>\n\t\t\t\t<\/div>\n\t\t\t\t<div class=\"elementor-element elementor-element-3edff37e elementor-widget elementor-widget-text-editor\" data-id=\"3edff37e\" data-element_type=\"widget\" data-e-type=\"widget\" data-widget_type=\"text-editor.default\">\n\t\t\t\t<div class=\"elementor-widget-container\">\n\t\t\t\t\t\t\t\t\t<p><em><strong>Fuente<\/strong>: STAPPERS, M. (1998). De Merkwaardige geschiedenis van een Vilvoords Metaalconstructiebedrijf &#8211; 1860-1989. Vilvoorde, Dupress Vilvoorde.<\/em><\/p>\n\t\t\t\t\t\t\t\t<\/div>\n\t\t\t\t<\/div>\n\t\t\t\t\t<\/div>\n\t\t<\/div>\n\t\t\t\t\t<\/div>\n\t\t<\/section>\n\t\t\t\t<\/div>\n\t\t","protected":false},"excerpt":{"rendered":"<p>La compa\u00f1\u00eda Mondiale existe desde hace casi 100 a\u00f1os. \u00bfPero sab\u00edan que nuestros or\u00edgenes van mucho m\u00e1s all\u00e1? Hasta 1860 para ser preciso. Cuando el negocio de la familia Fondu en Vilvoorde ayud\u00f3 a poner la industria del metal en el mapa de B\u00e9lgica. Desde 1921, esta compa\u00f1\u00eda lleva el nombre de Mondiale. Por d\u00e9cadas [&hellip;]<\/p>\n","protected":false},"author":3,"featured_media":16398,"template":"","news_category":[698],"class_list":["post-17305","news","type-news","status-publish","has-post-thumbnail","hentry","news_category-historia"],"acf":[],"yoast_head":"<!-- This site is optimized with the Yoast SEO plugin v27.5 - https:\/\/yoast.com\/product\/yoast-seo-wordpress\/ -->\n<title>La historia de Mondiale (parte 4\/6) - Mondiale 100\u00ba aniversario<\/title>\n<meta name=\"description\" content=\"La Historia de Mondiale parte 4\/6, 1936 - 1980: Los tornos se globalizan, los dorados a\u00f1os 60 y 70 y la feroz competencia de los pa\u00edses de bajos salarios.\" \/>\n<meta name=\"robots\" content=\"index, follow, max-snippet:-1, max-image-preview:large, max-video-preview:-1\" \/>\n<link rel=\"canonical\" href=\"https:\/\/www.mondiale.be\/es\/noticias\/la-historia-de-mondiale-parte-4-6\/\" \/>\n<meta property=\"og:locale\" content=\"es_ES\" \/>\n<meta property=\"og:type\" content=\"article\" \/>\n<meta property=\"og:title\" content=\"La historia de Mondiale (parte 4\/6) - Mondiale 100\u00ba aniversario\" \/>\n<meta property=\"og:description\" content=\"La Historia de Mondiale parte 4\/6, 1936 - 1980: Los tornos se globalizan, los dorados a\u00f1os 60 y 70 y la feroz competencia de los pa\u00edses de bajos salarios.\" \/>\n<meta property=\"og:url\" content=\"https:\/\/www.mondiale.be\/es\/noticias\/la-historia-de-mondiale-parte-4-6\/\" \/>\n<meta property=\"og:site_name\" content=\"Mondiale\" \/>\n<meta property=\"article:publisher\" content=\"https:\/\/www.facebook.com\/mondialenv\/\" \/>\n<meta property=\"article:modified_time\" content=\"2020-07-06T15:35:35+00:00\" \/>\n<meta property=\"og:image\" content=\"https:\/\/www.mondiale.be\/assets\/deel4.3.jpg\" \/>\n<meta name=\"twitter:card\" content=\"summary_large_image\" \/>\n<meta name=\"twitter:label1\" content=\"Tiempo de lectura\" \/>\n\t<meta name=\"twitter:data1\" content=\"4 minutos\" \/>\n<script type=\"application\/ld+json\" class=\"yoast-schema-graph\">{\"@context\":\"https:\\\/\\\/schema.org\",\"@graph\":[{\"@type\":\"WebPage\",\"@id\":\"https:\\\/\\\/www.mondiale.be\\\/es\\\/noticias\\\/la-historia-de-mondiale-parte-4-6\\\/\",\"url\":\"https:\\\/\\\/www.mondiale.be\\\/es\\\/noticias\\\/la-historia-de-mondiale-parte-4-6\\\/\",\"name\":\"La historia de Mondiale (parte 4\\\/6) - Mondiale 100\u00ba aniversario\",\"isPartOf\":{\"@id\":\"https:\\\/\\\/www.mondiale.be\\\/es\\\/#website\"},\"primaryImageOfPage\":{\"@id\":\"https:\\\/\\\/www.mondiale.be\\\/es\\\/noticias\\\/la-historia-de-mondiale-parte-4-6\\\/#primaryimage\"},\"image\":{\"@id\":\"https:\\\/\\\/www.mondiale.be\\\/es\\\/noticias\\\/la-historia-de-mondiale-parte-4-6\\\/#primaryimage\"},\"thumbnailUrl\":\"https:\\\/\\\/www.mondiale.be\\\/assets\\\/deel4.3.jpg\",\"datePublished\":\"2020-04-07T09:03:59+00:00\",\"dateModified\":\"2020-07-06T15:35:35+00:00\",\"description\":\"La Historia de Mondiale parte 4\\\/6, 1936 - 1980: Los tornos se globalizan, los dorados a\u00f1os 60 y 70 y la feroz competencia de los pa\u00edses de bajos salarios.\",\"breadcrumb\":{\"@id\":\"https:\\\/\\\/www.mondiale.be\\\/es\\\/noticias\\\/la-historia-de-mondiale-parte-4-6\\\/#breadcrumb\"},\"inLanguage\":\"es\",\"potentialAction\":[{\"@type\":\"ReadAction\",\"target\":[\"https:\\\/\\\/www.mondiale.be\\\/es\\\/noticias\\\/la-historia-de-mondiale-parte-4-6\\\/\"]}]},{\"@type\":\"ImageObject\",\"inLanguage\":\"es\",\"@id\":\"https:\\\/\\\/www.mondiale.be\\\/es\\\/noticias\\\/la-historia-de-mondiale-parte-4-6\\\/#primaryimage\",\"url\":\"https:\\\/\\\/www.mondiale.be\\\/assets\\\/deel4.3.jpg\",\"contentUrl\":\"https:\\\/\\\/www.mondiale.be\\\/assets\\\/deel4.3.jpg\",\"width\":2372,\"height\":1861,\"caption\":\"Zicht op \u00e9\u00e9n van de Mondiale werkplaatsen\"},{\"@type\":\"BreadcrumbList\",\"@id\":\"https:\\\/\\\/www.mondiale.be\\\/es\\\/noticias\\\/la-historia-de-mondiale-parte-4-6\\\/#breadcrumb\",\"itemListElement\":[{\"@type\":\"ListItem\",\"position\":1,\"name\":\"Home\",\"item\":\"https:\\\/\\\/www.mondiale.be\\\/es\\\/home\\\/\"},{\"@type\":\"ListItem\",\"position\":2,\"name\":\"News\",\"item\":\"https:\\\/\\\/www.mondiale.be\\\/es\\\/noticias\\\/\"},{\"@type\":\"ListItem\",\"position\":3,\"name\":\"La historia de Mondiale (parte 4\\\/6)\"}]},{\"@type\":\"WebSite\",\"@id\":\"https:\\\/\\\/www.mondiale.be\\\/es\\\/#website\",\"url\":\"https:\\\/\\\/www.mondiale.be\\\/es\\\/\",\"name\":\"Mondiale metalworking machines\",\"description\":\"Your Machine Tool Partner\",\"publisher\":{\"@id\":\"https:\\\/\\\/www.mondiale.be\\\/es\\\/#organization\"},\"alternateName\":\"Mondiale\",\"potentialAction\":[{\"@type\":\"SearchAction\",\"target\":{\"@type\":\"EntryPoint\",\"urlTemplate\":\"https:\\\/\\\/www.mondiale.be\\\/es\\\/?s={search_term_string}\"},\"query-input\":{\"@type\":\"PropertyValueSpecification\",\"valueRequired\":true,\"valueName\":\"search_term_string\"}}],\"inLanguage\":\"es\"},{\"@type\":\"Organization\",\"@id\":\"https:\\\/\\\/www.mondiale.be\\\/es\\\/#organization\",\"name\":\"Mondiale metalworking machines\",\"alternateName\":\"Mondiale\",\"url\":\"https:\\\/\\\/www.mondiale.be\\\/es\\\/\",\"logo\":{\"@type\":\"ImageObject\",\"inLanguage\":\"es\",\"@id\":\"https:\\\/\\\/www.mondiale.be\\\/es\\\/#\\\/schema\\\/logo\\\/image\\\/\",\"url\":\"https:\\\/\\\/www.mondiale.be\\\/assets\\\/logo-mondiale-notag-alt-color.svg\",\"contentUrl\":\"https:\\\/\\\/www.mondiale.be\\\/assets\\\/logo-mondiale-notag-alt-color.svg\",\"width\":1,\"height\":1,\"caption\":\"Mondiale metalworking machines\"},\"image\":{\"@id\":\"https:\\\/\\\/www.mondiale.be\\\/es\\\/#\\\/schema\\\/logo\\\/image\\\/\"},\"sameAs\":[\"https:\\\/\\\/www.facebook.com\\\/mondialenv\\\/\"]}]}<\/script>\n<!-- \/ Yoast SEO plugin. -->","yoast_head_json":{"title":"La historia de Mondiale (parte 4\/6) - Mondiale 100\u00ba aniversario","description":"La Historia de Mondiale parte 4\/6, 1936 - 1980: Los tornos se globalizan, los dorados a\u00f1os 60 y 70 y la feroz competencia de los pa\u00edses de bajos salarios.","robots":{"index":"index","follow":"follow","max-snippet":"max-snippet:-1","max-image-preview":"max-image-preview:large","max-video-preview":"max-video-preview:-1"},"canonical":"https:\/\/www.mondiale.be\/es\/noticias\/la-historia-de-mondiale-parte-4-6\/","og_locale":"es_ES","og_type":"article","og_title":"La historia de Mondiale (parte 4\/6) - Mondiale 100\u00ba aniversario","og_description":"La Historia de Mondiale parte 4\/6, 1936 - 1980: Los tornos se globalizan, los dorados a\u00f1os 60 y 70 y la feroz competencia de los pa\u00edses de bajos salarios.","og_url":"https:\/\/www.mondiale.be\/es\/noticias\/la-historia-de-mondiale-parte-4-6\/","og_site_name":"Mondiale","article_publisher":"https:\/\/www.facebook.com\/mondialenv\/","article_modified_time":"2020-07-06T15:35:35+00:00","og_image":[{"url":"https:\/\/www.mondiale.be\/assets\/deel4.3.jpg","type":"","width":"","height":""}],"twitter_card":"summary_large_image","twitter_misc":{"Tiempo de lectura":"4 minutos"},"schema":{"@context":"https:\/\/schema.org","@graph":[{"@type":"WebPage","@id":"https:\/\/www.mondiale.be\/es\/noticias\/la-historia-de-mondiale-parte-4-6\/","url":"https:\/\/www.mondiale.be\/es\/noticias\/la-historia-de-mondiale-parte-4-6\/","name":"La historia de Mondiale (parte 4\/6) - Mondiale 100\u00ba aniversario","isPartOf":{"@id":"https:\/\/www.mondiale.be\/es\/#website"},"primaryImageOfPage":{"@id":"https:\/\/www.mondiale.be\/es\/noticias\/la-historia-de-mondiale-parte-4-6\/#primaryimage"},"image":{"@id":"https:\/\/www.mondiale.be\/es\/noticias\/la-historia-de-mondiale-parte-4-6\/#primaryimage"},"thumbnailUrl":"https:\/\/www.mondiale.be\/assets\/deel4.3.jpg","datePublished":"2020-04-07T09:03:59+00:00","dateModified":"2020-07-06T15:35:35+00:00","description":"La Historia de Mondiale parte 4\/6, 1936 - 1980: Los tornos se globalizan, los dorados a\u00f1os 60 y 70 y la feroz competencia de los pa\u00edses de bajos salarios.","breadcrumb":{"@id":"https:\/\/www.mondiale.be\/es\/noticias\/la-historia-de-mondiale-parte-4-6\/#breadcrumb"},"inLanguage":"es","potentialAction":[{"@type":"ReadAction","target":["https:\/\/www.mondiale.be\/es\/noticias\/la-historia-de-mondiale-parte-4-6\/"]}]},{"@type":"ImageObject","inLanguage":"es","@id":"https:\/\/www.mondiale.be\/es\/noticias\/la-historia-de-mondiale-parte-4-6\/#primaryimage","url":"https:\/\/www.mondiale.be\/assets\/deel4.3.jpg","contentUrl":"https:\/\/www.mondiale.be\/assets\/deel4.3.jpg","width":2372,"height":1861,"caption":"Zicht op \u00e9\u00e9n van de Mondiale werkplaatsen"},{"@type":"BreadcrumbList","@id":"https:\/\/www.mondiale.be\/es\/noticias\/la-historia-de-mondiale-parte-4-6\/#breadcrumb","itemListElement":[{"@type":"ListItem","position":1,"name":"Home","item":"https:\/\/www.mondiale.be\/es\/home\/"},{"@type":"ListItem","position":2,"name":"News","item":"https:\/\/www.mondiale.be\/es\/noticias\/"},{"@type":"ListItem","position":3,"name":"La historia de Mondiale (parte 4\/6)"}]},{"@type":"WebSite","@id":"https:\/\/www.mondiale.be\/es\/#website","url":"https:\/\/www.mondiale.be\/es\/","name":"Mondiale metalworking machines","description":"Your Machine Tool Partner","publisher":{"@id":"https:\/\/www.mondiale.be\/es\/#organization"},"alternateName":"Mondiale","potentialAction":[{"@type":"SearchAction","target":{"@type":"EntryPoint","urlTemplate":"https:\/\/www.mondiale.be\/es\/?s={search_term_string}"},"query-input":{"@type":"PropertyValueSpecification","valueRequired":true,"valueName":"search_term_string"}}],"inLanguage":"es"},{"@type":"Organization","@id":"https:\/\/www.mondiale.be\/es\/#organization","name":"Mondiale metalworking machines","alternateName":"Mondiale","url":"https:\/\/www.mondiale.be\/es\/","logo":{"@type":"ImageObject","inLanguage":"es","@id":"https:\/\/www.mondiale.be\/es\/#\/schema\/logo\/image\/","url":"https:\/\/www.mondiale.be\/assets\/logo-mondiale-notag-alt-color.svg","contentUrl":"https:\/\/www.mondiale.be\/assets\/logo-mondiale-notag-alt-color.svg","width":1,"height":1,"caption":"Mondiale metalworking machines"},"image":{"@id":"https:\/\/www.mondiale.be\/es\/#\/schema\/logo\/image\/"},"sameAs":["https:\/\/www.facebook.com\/mondialenv\/"]}]}},"_links":{"self":[{"href":"https:\/\/www.mondiale.be\/es\/wp-json\/wp\/v2\/news\/17305","targetHints":{"allow":["GET"]}}],"collection":[{"href":"https:\/\/www.mondiale.be\/es\/wp-json\/wp\/v2\/news"}],"about":[{"href":"https:\/\/www.mondiale.be\/es\/wp-json\/wp\/v2\/types\/news"}],"author":[{"embeddable":true,"href":"https:\/\/www.mondiale.be\/es\/wp-json\/wp\/v2\/users\/3"}],"version-history":[{"count":0,"href":"https:\/\/www.mondiale.be\/es\/wp-json\/wp\/v2\/news\/17305\/revisions"}],"wp:featuredmedia":[{"embeddable":true,"href":"https:\/\/www.mondiale.be\/es\/wp-json\/wp\/v2\/media\/16398"}],"wp:attachment":[{"href":"https:\/\/www.mondiale.be\/es\/wp-json\/wp\/v2\/media?parent=17305"}],"wp:term":[{"taxonomy":"news_category","embeddable":true,"href":"https:\/\/www.mondiale.be\/es\/wp-json\/wp\/v2\/news_category?post=17305"}],"curies":[{"name":"wp","href":"https:\/\/api.w.org\/{rel}","templated":true}]}}