{"id":33720,"date":"2023-10-25T16:29:00","date_gmt":"2023-10-25T14:29:00","guid":{"rendered":"https:\/\/www.mondiale.be\/news\/evento-de-puertas-abiertas-sep-28-30\/"},"modified":"2023-10-25T16:58:19","modified_gmt":"2023-10-25T14:58:19","slug":"evento-de-puertas-abiertas-sep-28-30","status":"publish","type":"news","link":"https:\/\/www.mondiale.be\/es\/noticias\/evento-de-puertas-abiertas-sep-28-30\/","title":{"rendered":"Evento de puertas abiertas sep 28-30"},"content":{"rendered":"\t\t<div data-elementor-type=\"wp-post\" data-elementor-id=\"33720\" class=\"elementor elementor-33720 elementor-33701\" data-elementor-post-type=\"news\">\n\t\t\t\t\t\t<section class=\"elementor-section elementor-top-section elementor-element elementor-element-6b09f59e elementor-section-boxed elementor-section-height-default elementor-section-height-default\" data-id=\"6b09f59e\" data-element_type=\"section\" data-e-type=\"section\">\n\t\t\t\t\t\t<div class=\"elementor-container elementor-column-gap-default\">\n\t\t\t\t\t<div class=\"elementor-column elementor-col-100 elementor-top-column elementor-element elementor-element-24a59fec\" data-id=\"24a59fec\" data-element_type=\"column\" data-e-type=\"column\">\n\t\t\t<div class=\"elementor-widget-wrap elementor-element-populated\">\n\t\t\t\t\t\t<div class=\"elementor-element elementor-element-1ca28313 elementor-widget elementor-widget-text-editor\" data-id=\"1ca28313\" data-element_type=\"widget\" data-e-type=\"widget\" data-widget_type=\"text-editor.default\">\n\t\t\t\t<div class=\"elementor-widget-container\">\n\t\t\t\t\t\t\t\t\t<h2>Un gran \u00e9xito!<\/h2>\n<p>\u00a1Nuestro evento de puertas abiertas fue un gran \u00e9xito! Recibimos <strong>m\u00e1s de 1.000 visitantes<\/strong> durante estos tres d\u00edas, no s\u00f3lo de B\u00e9lgica, sino tambi\u00e9n de los Pa\u00edses Bajos, Alemania, Francia, Luxemburgo e incluso la India.<\/p>\n<p>Las escuelas tambi\u00e9n se mostraron muy interesadas, sus alumnos pudieron ver <strong>demostraciones de nuestras m\u00e1quinas Fanuc, Heidenhain, Iscar y Siemens<\/strong>, y visitaron nuestro taller.<\/p>\n<p>A continuaci\u00f3n tuvo lugar en nuestro aparcamiento un rally de coches antiguos que tambi\u00e9n despert\u00f3 mucho inter\u00e9s&#8230;<\/p>\n<p>\u00a1Nos gustar\u00eda <strong>agradecer nuevamente a los presentes<\/strong> por su visita y esperamos darles la bienvenida a todos nuevamente a nuestro pr\u00f3ximo evento!<\/p>\n\t\t\t\t\t\t\t\t<\/div>\n\t\t\t\t<\/div>\n\t\t\t\t\t<\/div>\n\t\t<\/div>\n\t\t\t\t\t<\/div>\n\t\t<\/section>\n\t\t\t\t<\/div>\n\t\t","protected":false},"excerpt":{"rendered":"<p>Un gran \u00e9xito! \u00a1Nuestro evento de puertas abiertas fue un gran \u00e9xito! Recibimos m\u00e1s de 1.000 visitantes durante estos tres d\u00edas, no s\u00f3lo de B\u00e9lgica, sino tambi\u00e9n de los Pa\u00edses Bajos, Alemania, Francia, Luxemburgo e incluso la India. Las escuelas tambi\u00e9n se mostraron muy interesadas, sus alumnos pudieron ver demostraciones de nuestras m\u00e1quinas Fanuc, Heidenhain, [&hellip;]<\/p>\n","protected":false},"author":3,"featured_media":33707,"template":"","news_category":[702],"class_list":["post-33720","news","type-news","status-publish","has-post-thumbnail","hentry","news_category-tecnologia"],"acf":[],"yoast_head":"<!-- This site is optimized with the Yoast SEO plugin v27.5 - https:\/\/yoast.com\/product\/yoast-seo-wordpress\/ -->\n<title>Evento de puertas abiertas sep 28-30 - Mondiale<\/title>\n<meta name=\"robots\" content=\"index, follow, max-snippet:-1, max-image-preview:large, max-video-preview:-1\" \/>\n<link rel=\"canonical\" href=\"https:\/\/www.mondiale.be\/es\/noticias\/evento-de-puertas-abiertas-sep-28-30\/\" \/>\n<meta property=\"og:locale\" content=\"es_ES\" \/>\n<meta property=\"og:type\" content=\"article\" \/>\n<meta property=\"og:title\" content=\"Evento de puertas abiertas sep 28-30 - Mondiale\" \/>\n<meta property=\"og:description\" content=\"Un gran \u00e9xito! \u00a1Nuestro evento de puertas abiertas fue un gran \u00e9xito! Recibimos m\u00e1s de 1.000 visitantes durante estos tres d\u00edas, no s\u00f3lo de B\u00e9lgica, sino tambi\u00e9n de los Pa\u00edses Bajos, Alemania, Francia, Luxemburgo e incluso la India. Las escuelas tambi\u00e9n se mostraron muy interesadas, sus alumnos pudieron ver demostraciones de nuestras m\u00e1quinas Fanuc, Heidenhain, [&hellip;]\" \/>\n<meta property=\"og:url\" content=\"https:\/\/www.mondiale.be\/es\/noticias\/evento-de-puertas-abiertas-sep-28-30\/\" \/>\n<meta property=\"og:site_name\" content=\"Mondiale\" \/>\n<meta property=\"article:publisher\" content=\"https:\/\/www.facebook.com\/mondialenv\/\" \/>\n<meta property=\"article:modified_time\" content=\"2023-10-25T14:58:19+00:00\" \/>\n<meta property=\"og:image\" content=\"https:\/\/www.mondiale.be\/assets\/open-door-23.jpg\" \/>\n\t<meta property=\"og:image:width\" content=\"2000\" \/>\n\t<meta property=\"og:image:height\" content=\"1500\" \/>\n\t<meta property=\"og:image:type\" content=\"image\/jpeg\" \/>\n<meta name=\"twitter:card\" content=\"summary_large_image\" \/>\n<meta name=\"twitter:label1\" content=\"Tiempo de lectura\" \/>\n\t<meta name=\"twitter:data1\" content=\"1 minuto\" \/>\n<script type=\"application\/ld+json\" class=\"yoast-schema-graph\">{\"@context\":\"https:\\\/\\\/schema.org\",\"@graph\":[{\"@type\":\"WebPage\",\"@id\":\"https:\\\/\\\/www.mondiale.be\\\/es\\\/noticias\\\/evento-de-puertas-abiertas-sep-28-30\\\/\",\"url\":\"https:\\\/\\\/www.mondiale.be\\\/es\\\/noticias\\\/evento-de-puertas-abiertas-sep-28-30\\\/\",\"name\":\"Evento de puertas abiertas sep 28-30 - Mondiale\",\"isPartOf\":{\"@id\":\"https:\\\/\\\/www.mondiale.be\\\/es\\\/#website\"},\"primaryImageOfPage\":{\"@id\":\"https:\\\/\\\/www.mondiale.be\\\/es\\\/noticias\\\/evento-de-puertas-abiertas-sep-28-30\\\/#primaryimage\"},\"image\":{\"@id\":\"https:\\\/\\\/www.mondiale.be\\\/es\\\/noticias\\\/evento-de-puertas-abiertas-sep-28-30\\\/#primaryimage\"},\"thumbnailUrl\":\"https:\\\/\\\/www.mondiale.be\\\/assets\\\/open-door-23.jpg\",\"datePublished\":\"2023-10-25T14:29:00+00:00\",\"dateModified\":\"2023-10-25T14:58:19+00:00\",\"breadcrumb\":{\"@id\":\"https:\\\/\\\/www.mondiale.be\\\/es\\\/noticias\\\/evento-de-puertas-abiertas-sep-28-30\\\/#breadcrumb\"},\"inLanguage\":\"es\",\"potentialAction\":[{\"@type\":\"ReadAction\",\"target\":[\"https:\\\/\\\/www.mondiale.be\\\/es\\\/noticias\\\/evento-de-puertas-abiertas-sep-28-30\\\/\"]}]},{\"@type\":\"ImageObject\",\"inLanguage\":\"es\",\"@id\":\"https:\\\/\\\/www.mondiale.be\\\/es\\\/noticias\\\/evento-de-puertas-abiertas-sep-28-30\\\/#primaryimage\",\"url\":\"https:\\\/\\\/www.mondiale.be\\\/assets\\\/open-door-23.jpg\",\"contentUrl\":\"https:\\\/\\\/www.mondiale.be\\\/assets\\\/open-door-23.jpg\",\"width\":2000,\"height\":1500},{\"@type\":\"BreadcrumbList\",\"@id\":\"https:\\\/\\\/www.mondiale.be\\\/es\\\/noticias\\\/evento-de-puertas-abiertas-sep-28-30\\\/#breadcrumb\",\"itemListElement\":[{\"@type\":\"ListItem\",\"position\":1,\"name\":\"Home\",\"item\":\"https:\\\/\\\/www.mondiale.be\\\/es\\\/home\\\/\"},{\"@type\":\"ListItem\",\"position\":2,\"name\":\"News\",\"item\":\"https:\\\/\\\/www.mondiale.be\\\/es\\\/noticias\\\/\"},{\"@type\":\"ListItem\",\"position\":3,\"name\":\"Evento de puertas abiertas sep 28-30\"}]},{\"@type\":\"WebSite\",\"@id\":\"https:\\\/\\\/www.mondiale.be\\\/es\\\/#website\",\"url\":\"https:\\\/\\\/www.mondiale.be\\\/es\\\/\",\"name\":\"Mondiale metalworking machines\",\"description\":\"Your Machine Tool Partner\",\"publisher\":{\"@id\":\"https:\\\/\\\/www.mondiale.be\\\/es\\\/#organization\"},\"alternateName\":\"Mondiale\",\"potentialAction\":[{\"@type\":\"SearchAction\",\"target\":{\"@type\":\"EntryPoint\",\"urlTemplate\":\"https:\\\/\\\/www.mondiale.be\\\/es\\\/?s={search_term_string}\"},\"query-input\":{\"@type\":\"PropertyValueSpecification\",\"valueRequired\":true,\"valueName\":\"search_term_string\"}}],\"inLanguage\":\"es\"},{\"@type\":\"Organization\",\"@id\":\"https:\\\/\\\/www.mondiale.be\\\/es\\\/#organization\",\"name\":\"Mondiale metalworking machines\",\"alternateName\":\"Mondiale\",\"url\":\"https:\\\/\\\/www.mondiale.be\\\/es\\\/\",\"logo\":{\"@type\":\"ImageObject\",\"inLanguage\":\"es\",\"@id\":\"https:\\\/\\\/www.mondiale.be\\\/es\\\/#\\\/schema\\\/logo\\\/image\\\/\",\"url\":\"https:\\\/\\\/www.mondiale.be\\\/assets\\\/logo-mondiale-notag-alt-color.svg\",\"contentUrl\":\"https:\\\/\\\/www.mondiale.be\\\/assets\\\/logo-mondiale-notag-alt-color.svg\",\"width\":1,\"height\":1,\"caption\":\"Mondiale metalworking machines\"},\"image\":{\"@id\":\"https:\\\/\\\/www.mondiale.be\\\/es\\\/#\\\/schema\\\/logo\\\/image\\\/\"},\"sameAs\":[\"https:\\\/\\\/www.facebook.com\\\/mondialenv\\\/\"]}]}<\/script>\n<!-- \/ Yoast SEO plugin. -->","yoast_head_json":{"title":"Evento de puertas abiertas sep 28-30 - Mondiale","robots":{"index":"index","follow":"follow","max-snippet":"max-snippet:-1","max-image-preview":"max-image-preview:large","max-video-preview":"max-video-preview:-1"},"canonical":"https:\/\/www.mondiale.be\/es\/noticias\/evento-de-puertas-abiertas-sep-28-30\/","og_locale":"es_ES","og_type":"article","og_title":"Evento de puertas abiertas sep 28-30 - Mondiale","og_description":"Un gran \u00e9xito! \u00a1Nuestro evento de puertas abiertas fue un gran \u00e9xito! Recibimos m\u00e1s de 1.000 visitantes durante estos tres d\u00edas, no s\u00f3lo de B\u00e9lgica, sino tambi\u00e9n de los Pa\u00edses Bajos, Alemania, Francia, Luxemburgo e incluso la India. Las escuelas tambi\u00e9n se mostraron muy interesadas, sus alumnos pudieron ver demostraciones de nuestras m\u00e1quinas Fanuc, Heidenhain, [&hellip;]","og_url":"https:\/\/www.mondiale.be\/es\/noticias\/evento-de-puertas-abiertas-sep-28-30\/","og_site_name":"Mondiale","article_publisher":"https:\/\/www.facebook.com\/mondialenv\/","article_modified_time":"2023-10-25T14:58:19+00:00","og_image":[{"width":2000,"height":1500,"url":"https:\/\/www.mondiale.be\/assets\/open-door-23.jpg","type":"image\/jpeg"}],"twitter_card":"summary_large_image","twitter_misc":{"Tiempo de lectura":"1 minuto"},"schema":{"@context":"https:\/\/schema.org","@graph":[{"@type":"WebPage","@id":"https:\/\/www.mondiale.be\/es\/noticias\/evento-de-puertas-abiertas-sep-28-30\/","url":"https:\/\/www.mondiale.be\/es\/noticias\/evento-de-puertas-abiertas-sep-28-30\/","name":"Evento de puertas abiertas sep 28-30 - Mondiale","isPartOf":{"@id":"https:\/\/www.mondiale.be\/es\/#website"},"primaryImageOfPage":{"@id":"https:\/\/www.mondiale.be\/es\/noticias\/evento-de-puertas-abiertas-sep-28-30\/#primaryimage"},"image":{"@id":"https:\/\/www.mondiale.be\/es\/noticias\/evento-de-puertas-abiertas-sep-28-30\/#primaryimage"},"thumbnailUrl":"https:\/\/www.mondiale.be\/assets\/open-door-23.jpg","datePublished":"2023-10-25T14:29:00+00:00","dateModified":"2023-10-25T14:58:19+00:00","breadcrumb":{"@id":"https:\/\/www.mondiale.be\/es\/noticias\/evento-de-puertas-abiertas-sep-28-30\/#breadcrumb"},"inLanguage":"es","potentialAction":[{"@type":"ReadAction","target":["https:\/\/www.mondiale.be\/es\/noticias\/evento-de-puertas-abiertas-sep-28-30\/"]}]},{"@type":"ImageObject","inLanguage":"es","@id":"https:\/\/www.mondiale.be\/es\/noticias\/evento-de-puertas-abiertas-sep-28-30\/#primaryimage","url":"https:\/\/www.mondiale.be\/assets\/open-door-23.jpg","contentUrl":"https:\/\/www.mondiale.be\/assets\/open-door-23.jpg","width":2000,"height":1500},{"@type":"BreadcrumbList","@id":"https:\/\/www.mondiale.be\/es\/noticias\/evento-de-puertas-abiertas-sep-28-30\/#breadcrumb","itemListElement":[{"@type":"ListItem","position":1,"name":"Home","item":"https:\/\/www.mondiale.be\/es\/home\/"},{"@type":"ListItem","position":2,"name":"News","item":"https:\/\/www.mondiale.be\/es\/noticias\/"},{"@type":"ListItem","position":3,"name":"Evento de puertas abiertas sep 28-30"}]},{"@type":"WebSite","@id":"https:\/\/www.mondiale.be\/es\/#website","url":"https:\/\/www.mondiale.be\/es\/","name":"Mondiale metalworking machines","description":"Your Machine Tool Partner","publisher":{"@id":"https:\/\/www.mondiale.be\/es\/#organization"},"alternateName":"Mondiale","potentialAction":[{"@type":"SearchAction","target":{"@type":"EntryPoint","urlTemplate":"https:\/\/www.mondiale.be\/es\/?s={search_term_string}"},"query-input":{"@type":"PropertyValueSpecification","valueRequired":true,"valueName":"search_term_string"}}],"inLanguage":"es"},{"@type":"Organization","@id":"https:\/\/www.mondiale.be\/es\/#organization","name":"Mondiale metalworking machines","alternateName":"Mondiale","url":"https:\/\/www.mondiale.be\/es\/","logo":{"@type":"ImageObject","inLanguage":"es","@id":"https:\/\/www.mondiale.be\/es\/#\/schema\/logo\/image\/","url":"https:\/\/www.mondiale.be\/assets\/logo-mondiale-notag-alt-color.svg","contentUrl":"https:\/\/www.mondiale.be\/assets\/logo-mondiale-notag-alt-color.svg","width":1,"height":1,"caption":"Mondiale metalworking machines"},"image":{"@id":"https:\/\/www.mondiale.be\/es\/#\/schema\/logo\/image\/"},"sameAs":["https:\/\/www.facebook.com\/mondialenv\/"]}]}},"_links":{"self":[{"href":"https:\/\/www.mondiale.be\/es\/wp-json\/wp\/v2\/news\/33720","targetHints":{"allow":["GET"]}}],"collection":[{"href":"https:\/\/www.mondiale.be\/es\/wp-json\/wp\/v2\/news"}],"about":[{"href":"https:\/\/www.mondiale.be\/es\/wp-json\/wp\/v2\/types\/news"}],"author":[{"embeddable":true,"href":"https:\/\/www.mondiale.be\/es\/wp-json\/wp\/v2\/users\/3"}],"version-history":[{"count":0,"href":"https:\/\/www.mondiale.be\/es\/wp-json\/wp\/v2\/news\/33720\/revisions"}],"wp:featuredmedia":[{"embeddable":true,"href":"https:\/\/www.mondiale.be\/es\/wp-json\/wp\/v2\/media\/33707"}],"wp:attachment":[{"href":"https:\/\/www.mondiale.be\/es\/wp-json\/wp\/v2\/media?parent=33720"}],"wp:term":[{"taxonomy":"news_category","embeddable":true,"href":"https:\/\/www.mondiale.be\/es\/wp-json\/wp\/v2\/news_category?post=33720"}],"curies":[{"name":"wp","href":"https:\/\/api.w.org\/{rel}","templated":true}]}}