{"id":13660,"date":"2020-04-07T11:06:24","date_gmt":"2020-04-07T09:06:24","guid":{"rendered":"https:\/\/www.mondiale.be\/news\/the-history-of-mondiale-part-1-6\/"},"modified":"2020-06-15T13:37:22","modified_gmt":"2020-06-15T11:37:22","slug":"the-history-of-mondiale-part-1-6","status":"publish","type":"news","link":"https:\/\/www.mondiale.be\/fr\/nouvelles\/the-history-of-mondiale-part-1-6\/","title":{"rendered":"La histoire de la Mondiale (partie 1\/6)"},"content":{"rendered":"\t\t<div data-elementor-type=\"wp-post\" data-elementor-id=\"13660\" class=\"elementor elementor-13660 elementor-12935\" data-elementor-post-type=\"news\">\n\t\t\t\t\t\t<section class=\"elementor-section elementor-top-section elementor-element elementor-element-735929d5 elementor-section-boxed elementor-section-height-default elementor-section-height-default\" data-id=\"735929d5\" data-element_type=\"section\" data-e-type=\"section\">\n\t\t\t\t\t\t<div class=\"elementor-container elementor-column-gap-default\">\n\t\t\t\t\t<div class=\"elementor-column elementor-col-100 elementor-top-column elementor-element elementor-element-257afb6\" data-id=\"257afb6\" data-element_type=\"column\" data-e-type=\"column\">\n\t\t\t<div class=\"elementor-widget-wrap elementor-element-populated\">\n\t\t\t\t\t\t<div class=\"elementor-element elementor-element-367ca7a3 elementor-widget elementor-widget-text-editor\" data-id=\"367ca7a3\" data-element_type=\"widget\" data-e-type=\"widget\" data-widget_type=\"text-editor.default\">\n\t\t\t\t<div class=\"elementor-widget-container\">\n\t\t\t\t\t\t\t\t\t<p><em>La soci\u00e9t\u00e9 Mondiale existe depuis pr\u00e8s de 100 ans. Mais saviez-vous que nos origines remontent beaucoup plus loin\u00a0? Jusqu&rsquo;en 1860 pour \u00eatre exact. Quand la soci\u00e9t\u00e9 familiale Fondu \u00e0 Vilvorde a contribu\u00e9 au d\u00e9veloppement de l&rsquo;industrie m\u00e9tallurgique. Depuis 1921, cette soci\u00e9t\u00e9 porte le nom de Mondiale.<\/em><\/p>\n<p><em>Pendant des d\u00e9cennies, Vilvorde a \u00e9t\u00e9 le c\u0153ur battant des mondialistes. Voici la remarquable et belle histoire de Mondiale, pr\u00e9sent\u00e9e pour vous sous forme d&rsquo;une mini-s\u00e9rie en 6 parties.<\/em><\/p>\n\t\t\t\t\t\t\t\t<\/div>\n\t\t\t\t<\/div>\n\t\t\t\t<div class=\"elementor-element elementor-element-86a6ea2 elementor-widget elementor-widget-heading\" data-id=\"86a6ea2\" data-element_type=\"widget\" data-e-type=\"widget\" data-widget_type=\"heading.default\">\n\t\t\t\t<div class=\"elementor-widget-container\">\n\t\t\t\t\t<h2 class=\"elementor-heading-title elementor-size-default\">PARTIE 1 : 1860 \u00e0 1894<\/h2>\t\t\t\t<\/div>\n\t\t\t\t<\/div>\n\t\t\t\t<div class=\"elementor-element elementor-element-9641c2e elementor-widget elementor-widget-text-editor\" data-id=\"9641c2e\" data-element_type=\"widget\" data-e-type=\"widget\" data-widget_type=\"text-editor.default\">\n\t\t\t\t<div class=\"elementor-widget-container\">\n\t\t\t\t\t\t\t\t\t<p><strong>Vilvorde, en l&rsquo;an 1860<\/strong> : une <strong>ville industrielle<\/strong> moderne en pleine expansion et un <strong>arr\u00eat<\/strong> important sur l&rsquo;axe <strong>Bruxelles-Malines<\/strong>. Cette ligne ferroviaire \u00e9tait la premi\u00e8re de Belgique, et m\u00eame la premi\u00e8re de tout le continent europ\u00e9en. Cela a attir\u00e9 de nombreux <strong>talents entreprenants<\/strong> vers cette ville prosp\u00e8re.<\/p>\n\t\t\t\t\t\t\t\t<\/div>\n\t\t\t\t<\/div>\n\t\t\t\t<div class=\"elementor-element elementor-element-8ebbe93 elementor-invisible elementor-widget elementor-widget-image\" data-id=\"8ebbe93\" data-element_type=\"widget\" data-e-type=\"widget\" data-settings=\"{&quot;_animation&quot;:&quot;fadeIn&quot;}\" data-widget_type=\"image.default\">\n\t\t\t\t<div class=\"elementor-widget-container\">\n\t\t\t\t\t\t\t\t\t\t\t\t<figure class=\"wp-caption\">\n\t\t\t\t\t\t\t\t\t\t<img fetchpriority=\"high\" decoding=\"async\" width=\"500\" height=\"316\" src=\"https:\/\/www.mondiale.be\/assets\/vilvoorde-19e-eeuw.jpg\" class=\"attachment-large size-large wp-image-13013\" alt=\"Vilvoorde in de 19de eeuw\" \/>\t\t\t\t\t\t\t\t\t\t\t<figcaption class=\"widget-image-caption wp-caption-text\">Vilvoorde aan de Zenne, 19e eeuw (postkaart) \u00a9 Adelijn Calderon, vilvoordeanno.be<\/figcaption>\n\t\t\t\t\t\t\t\t\t\t<\/figure>\n\t\t\t\t\t\t\t\t\t<\/div>\n\t\t\t\t<\/div>\n\t\t\t\t<div class=\"elementor-element elementor-element-f99ce23 elementor-widget elementor-widget-heading\" data-id=\"f99ce23\" data-element_type=\"widget\" data-e-type=\"widget\" data-widget_type=\"heading.default\">\n\t\t\t\t<div class=\"elementor-widget-container\">\n\t\t\t\t\t<h2 class=\"elementor-heading-title elementor-size-default\">Jean-Baptiste Fondu, remarquable ing\u00e9nieur<\/h2>\t\t\t\t<\/div>\n\t\t\t\t<\/div>\n\t\t\t\t<div class=\"elementor-element elementor-element-d92f1d5 elementor-widget elementor-widget-text-editor\" data-id=\"d92f1d5\" data-element_type=\"widget\" data-e-type=\"widget\" data-widget_type=\"text-editor.default\">\n\t\t\t\t<div class=\"elementor-widget-container\">\n\t\t\t\t\t\t\t\t\t<p>L&rsquo;un d&rsquo;eux est <strong>Jean-Baptiste Fondu<\/strong>, n\u00e9 en 1832. Fils d&rsquo;un serrurier, il \u00e9tait lui-m\u00eame devenu <strong>ing\u00e9nieur<\/strong>. Un homme particuli\u00e8rement <strong>ambitieux<\/strong>. Inventif et <strong>sociable<\/strong> en plus. Et tr\u00e8s appr\u00e9ci\u00e9 pour cette raison, jusque dans les plus hauts cercles de <strong>Paris<\/strong>.<\/p>\n<p>Fondu \u00e9tait sp\u00e9cialis\u00e9 dans le <strong>mat\u00e9riel ferroviaire<\/strong>, en tant qu&rsquo;inventeur et producteur. Par exemple, il a introduit des <strong>am\u00e9liorations ing\u00e9nieuses<\/strong> aux portes, aux serrures, aux poign\u00e9es, \u00e0 l&rsquo;\u00e9clairage, aux syst\u00e8mes de s\u00e9curit\u00e9 et \u00e0 la carrosserie. Il a mis au point un syst\u00e8me pour <strong>l&rsquo;enregistrement temporel<\/strong> des gardiens de nuit. Il a con\u00e7u des <strong>\u00e9quipements<\/strong> pour les tuyaux d&rsquo;incendie du train.<\/p>\n\t\t\t\t\t\t\t\t<\/div>\n\t\t\t\t<\/div>\n\t\t\t\t<div class=\"elementor-element elementor-element-151dede elementor-widget elementor-widget-heading\" data-id=\"151dede\" data-element_type=\"widget\" data-e-type=\"widget\" data-widget_type=\"heading.default\">\n\t\t\t\t<div class=\"elementor-widget-container\">\n\t\t\t\t\t<h2 class=\"elementor-heading-title elementor-size-default\">L'usine de Fondu, pr\u00e9curseur de la Mondiale<\/h2>\t\t\t\t<\/div>\n\t\t\t\t<\/div>\n\t\t\t\t<div class=\"elementor-element elementor-element-aa8c4ef elementor-widget elementor-widget-text-editor\" data-id=\"aa8c4ef\" data-element_type=\"widget\" data-e-type=\"widget\" data-widget_type=\"text-editor.default\">\n\t\t\t\t<div class=\"elementor-widget-container\">\n\t\t\t\t\t\t\t\t\t<p>Dans son usine, il produisait des clous, des rivets, des boulons, des \u00e9crous et des charni\u00e8res. Il disposait \u00e9galement d&rsquo;une <strong>serrurerie<\/strong> et un <strong>atelier de machines-outils<\/strong>. Ce dernier est certainement familier \u00e0 tous ceux qui connaissent le <strong>Mondiale d&rsquo;aujourd&rsquo;hui<\/strong>.<\/p>\n<p><strong><em>\u2018Fondu \u2013 Staadt, Fabrique de Mat\u00e9riel de Chemin de Fer\u2019<\/em><\/strong> \u00e9tait le premier de nombreux noms. Mais cette usine est rest\u00e9e au m\u00eame endroit pendant de nombreuses ann\u00e9es\u00a0: dans un ancien monast\u00e8re dominicain dans la <strong>Lange Molenstraat<\/strong>, pr\u00e8s de la Senne.<\/p>\n\t\t\t\t\t\t\t\t<\/div>\n\t\t\t\t<\/div>\n\t\t\t\t<div class=\"elementor-element elementor-element-14692c7 elementor-invisible elementor-widget elementor-widget-image\" data-id=\"14692c7\" data-element_type=\"widget\" data-e-type=\"widget\" data-settings=\"{&quot;_animation&quot;:&quot;fadeIn&quot;}\" data-widget_type=\"image.default\">\n\t\t\t\t<div class=\"elementor-widget-container\">\n\t\t\t\t\t\t\t\t\t\t\t\t<figure class=\"wp-caption\">\n\t\t\t\t\t\t\t\t\t\t<img decoding=\"async\" width=\"800\" height=\"389\" src=\"https:\/\/www.mondiale.be\/assets\/20190408_104438-1920x933.jpg\" class=\"attachment-large size-large wp-image-12998\" alt=\"Mondiale was ooit de Fondu fabriek\" srcset=\"https:\/\/www.mondiale.be\/assets\/20190408_104438-1920x933.jpg 1920w, https:\/\/www.mondiale.be\/assets\/20190408_104438-960x466.jpg 960w, https:\/\/www.mondiale.be\/assets\/20190408_104438-768x373.jpg 768w, https:\/\/www.mondiale.be\/assets\/20190408_104438-1536x746.jpg 1536w, https:\/\/www.mondiale.be\/assets\/20190408_104438-2048x995.jpg 2048w\" sizes=\"(max-width: 800px) 100vw, 800px\" \/>\t\t\t\t\t\t\t\t\t\t\t<figcaption class=\"widget-image-caption wp-caption-text\">Schets van de fabriek van J.B. Fondu rond 1890 \u00a9 M. Stappers<\/figcaption>\n\t\t\t\t\t\t\t\t\t\t<\/figure>\n\t\t\t\t\t\t\t\t\t<\/div>\n\t\t\t\t<\/div>\n\t\t\t\t<div class=\"elementor-element elementor-element-63171fc elementor-widget elementor-widget-heading\" data-id=\"63171fc\" data-element_type=\"widget\" data-e-type=\"widget\" data-widget_type=\"heading.default\">\n\t\t\t\t<div class=\"elementor-widget-container\">\n\t\t\t\t\t<h2 class=\"elementor-heading-title elementor-size-default\">Le flambeau est pass\u00e9<\/h2>\t\t\t\t<\/div>\n\t\t\t\t<\/div>\n\t\t\t\t<div class=\"elementor-element elementor-element-fe76ebc elementor-widget elementor-widget-text-editor\" data-id=\"fe76ebc\" data-element_type=\"widget\" data-e-type=\"widget\" data-widget_type=\"text-editor.default\">\n\t\t\t\t<div class=\"elementor-widget-container\">\n\t\t\t\t\t\t\t\t\t<p>En <strong>1894<\/strong>, Jean-Baptiste se retirait finalement <strong>du conseil d&rsquo;administration<\/strong>. Quelques ann\u00e9es plus tard, il avait 69 ans, il <strong>\u00e9migrait<\/strong> dans l&rsquo;Ohio aux \u00c9tats-Unis. Entre-temps, le flambeau a \u00e9t\u00e9 transmis \u00e0 <strong>ses 3 enfants<\/strong>. La soci\u00e9t\u00e9 recevait un nouveau nom\u00a0: <strong><em>\u2018Soci\u00e9t\u00e9 en nom collectif Charles J.B. Fondu et S\u0153urs\u2019<\/em><\/strong>.<\/p>\n<p>Une <strong>nouvelle \u00e8re<\/strong> et un nouveau r\u00e9gime\u00a0&#8230; que vous d\u00e9couvrirez dans la prochaine partie.<\/p>\n\t\t\t\t\t\t\t\t<\/div>\n\t\t\t\t<\/div>\n\t\t\t\t<div class=\"elementor-element elementor-element-f8d5554 elementor-align-right elementor-widget elementor-widget-button\" data-id=\"f8d5554\" data-element_type=\"widget\" data-e-type=\"widget\" data-widget_type=\"button.default\">\n\t\t\t\t<div class=\"elementor-widget-container\">\n\t\t\t\t\t\t\t\t\t<div class=\"elementor-button-wrapper\">\n\t\t\t\t\t<a class=\"elementor-button elementor-button-link elementor-size-md\" href=\"https:\/\/www.mondiale.be\/fr\/nouvelles\/the-history-of-mondiale-part-2-6\/\">\n\t\t\t\t\t\t<span class=\"elementor-button-content-wrapper\">\n\t\t\t\t\t\t\t\t\t<span class=\"elementor-button-text\">LIRE LA SUITE &raquo;<\/span>\n\t\t\t\t\t<\/span>\n\t\t\t\t\t<\/a>\n\t\t\t\t<\/div>\n\t\t\t\t\t\t\t\t<\/div>\n\t\t\t\t<\/div>\n\t\t\t\t<div class=\"elementor-element elementor-element-1005b64 elementor-widget-divider--view-line elementor-widget elementor-widget-divider\" data-id=\"1005b64\" data-element_type=\"widget\" data-e-type=\"widget\" data-widget_type=\"divider.default\">\n\t\t\t\t<div class=\"elementor-widget-container\">\n\t\t\t\t\t\t\t<div class=\"elementor-divider\">\n\t\t\t<span class=\"elementor-divider-separator\">\n\t\t\t\t\t\t<\/span>\n\t\t<\/div>\n\t\t\t\t\t\t<\/div>\n\t\t\t\t<\/div>\n\t\t\t\t<div class=\"elementor-element elementor-element-6345923 elementor-widget elementor-widget-text-editor\" data-id=\"6345923\" data-element_type=\"widget\" data-e-type=\"widget\" data-widget_type=\"text-editor.default\">\n\t\t\t\t<div class=\"elementor-widget-container\">\n\t\t\t\t\t\t\t\t\t<p><em><strong>Source\u00a0:<\/strong> STAPPERS, M. (1998). De Merkwaardige geschiedenis van een Vilvoords Metaalconstructiebedrijf &#8211; 1860-1989. Vilvorde, Dupress Vilvoorde.<\/em><\/p>\n\t\t\t\t\t\t\t\t<\/div>\n\t\t\t\t<\/div>\n\t\t\t\t\t<\/div>\n\t\t<\/div>\n\t\t\t\t\t<\/div>\n\t\t<\/section>\n\t\t\t\t<\/div>\n\t\t","protected":false},"excerpt":{"rendered":"<p>La soci\u00e9t\u00e9 Mondiale existe depuis pr\u00e8s de 100 ans. Mais saviez-vous que nos origines remontent beaucoup plus loin\u00a0? Jusqu&rsquo;en 1860 pour \u00eatre exact. Quand la soci\u00e9t\u00e9 familiale Fondu \u00e0 Vilvorde a contribu\u00e9 au d\u00e9veloppement de l&rsquo;industrie m\u00e9tallurgique. Depuis 1921, cette soci\u00e9t\u00e9 porte le nom de Mondiale. Pendant des d\u00e9cennies, Vilvorde a \u00e9t\u00e9 le c\u0153ur battant [&hellip;]<\/p>\n","protected":false},"author":3,"featured_media":12998,"template":"","news_category":[696],"class_list":["post-13660","news","type-news","status-publish","has-post-thumbnail","hentry","news_category-histoire"],"acf":[],"yoast_head":"<!-- This site is optimized with the Yoast SEO plugin v27.5 - https:\/\/yoast.com\/product\/yoast-seo-wordpress\/ -->\n<title>La histoire de la Mondiale (partie 1\/6) - Mondiale 100e anniversaire<\/title>\n<meta name=\"description\" content=\"La remarquable histoire de la Mondiale (partie 1\/6) 1860 - 1898 : l&#039;entreprise familiale Fondu \u00e0 Vilvorde met l&#039;industrie m\u00e9tallurgique sur notre carte.\" \/>\n<meta name=\"robots\" content=\"index, follow, max-snippet:-1, max-image-preview:large, max-video-preview:-1\" \/>\n<link rel=\"canonical\" href=\"https:\/\/www.mondiale.be\/fr\/nouvelles\/the-history-of-mondiale-part-1-6\/\" \/>\n<meta property=\"og:locale\" content=\"fr_FR\" \/>\n<meta property=\"og:type\" content=\"article\" \/>\n<meta property=\"og:title\" content=\"La histoire de la Mondiale (partie 1\/6) - Mondiale 100e anniversaire\" \/>\n<meta property=\"og:description\" content=\"La remarquable histoire de la Mondiale (partie 1\/6) 1860 - 1898 : l&#039;entreprise familiale Fondu \u00e0 Vilvorde met l&#039;industrie m\u00e9tallurgique sur notre carte.\" \/>\n<meta property=\"og:url\" content=\"https:\/\/www.mondiale.be\/fr\/nouvelles\/the-history-of-mondiale-part-1-6\/\" \/>\n<meta property=\"og:site_name\" content=\"Mondiale\" \/>\n<meta property=\"article:publisher\" content=\"https:\/\/www.facebook.com\/mondialenv\/\" \/>\n<meta property=\"article:modified_time\" content=\"2020-06-15T11:37:22+00:00\" \/>\n<meta property=\"og:image\" content=\"https:\/\/www.mondiale.be\/assets\/20190408_104438-scaled.jpg\" \/>\n<meta name=\"twitter:card\" content=\"summary_large_image\" \/>\n<meta name=\"twitter:label1\" content=\"Dur\u00e9e de lecture estim\u00e9e\" \/>\n\t<meta name=\"twitter:data1\" content=\"2 minutes\" \/>\n<script type=\"application\/ld+json\" class=\"yoast-schema-graph\">{\"@context\":\"https:\\\/\\\/schema.org\",\"@graph\":[{\"@type\":\"WebPage\",\"@id\":\"https:\\\/\\\/www.mondiale.be\\\/fr\\\/nouvelles\\\/the-history-of-mondiale-part-1-6\\\/\",\"url\":\"https:\\\/\\\/www.mondiale.be\\\/fr\\\/nouvelles\\\/the-history-of-mondiale-part-1-6\\\/\",\"name\":\"La histoire de la Mondiale (partie 1\\\/6) - Mondiale 100e anniversaire\",\"isPartOf\":{\"@id\":\"https:\\\/\\\/www.mondiale.be\\\/fr\\\/#website\"},\"primaryImageOfPage\":{\"@id\":\"https:\\\/\\\/www.mondiale.be\\\/fr\\\/nouvelles\\\/the-history-of-mondiale-part-1-6\\\/#primaryimage\"},\"image\":{\"@id\":\"https:\\\/\\\/www.mondiale.be\\\/fr\\\/nouvelles\\\/the-history-of-mondiale-part-1-6\\\/#primaryimage\"},\"thumbnailUrl\":\"https:\\\/\\\/www.mondiale.be\\\/assets\\\/20190408_104438.jpg\",\"datePublished\":\"2020-04-07T09:06:24+00:00\",\"dateModified\":\"2020-06-15T11:37:22+00:00\",\"description\":\"La remarquable histoire de la Mondiale (partie 1\\\/6) 1860 - 1898 : l'entreprise familiale Fondu \u00e0 Vilvorde met l'industrie m\u00e9tallurgique sur notre carte.\",\"breadcrumb\":{\"@id\":\"https:\\\/\\\/www.mondiale.be\\\/fr\\\/nouvelles\\\/the-history-of-mondiale-part-1-6\\\/#breadcrumb\"},\"inLanguage\":\"fr-FR\",\"potentialAction\":[{\"@type\":\"ReadAction\",\"target\":[\"https:\\\/\\\/www.mondiale.be\\\/fr\\\/nouvelles\\\/the-history-of-mondiale-part-1-6\\\/\"]}]},{\"@type\":\"ImageObject\",\"inLanguage\":\"fr-FR\",\"@id\":\"https:\\\/\\\/www.mondiale.be\\\/fr\\\/nouvelles\\\/the-history-of-mondiale-part-1-6\\\/#primaryimage\",\"url\":\"https:\\\/\\\/www.mondiale.be\\\/assets\\\/20190408_104438.jpg\",\"contentUrl\":\"https:\\\/\\\/www.mondiale.be\\\/assets\\\/20190408_104438.jpg\",\"width\":2560,\"height\":1244,\"caption\":\"Schets van de fabriek van J.B. Fondu rond 1890 \u00a9 M. Stappers\"},{\"@type\":\"BreadcrumbList\",\"@id\":\"https:\\\/\\\/www.mondiale.be\\\/fr\\\/nouvelles\\\/the-history-of-mondiale-part-1-6\\\/#breadcrumb\",\"itemListElement\":[{\"@type\":\"ListItem\",\"position\":1,\"name\":\"Home\",\"item\":\"https:\\\/\\\/www.mondiale.be\\\/fr\\\/home\\\/\"},{\"@type\":\"ListItem\",\"position\":2,\"name\":\"News\",\"item\":\"https:\\\/\\\/www.mondiale.be\\\/fr\\\/nouvelles\\\/\"},{\"@type\":\"ListItem\",\"position\":3,\"name\":\"La histoire de la Mondiale (partie 1\\\/6)\"}]},{\"@type\":\"WebSite\",\"@id\":\"https:\\\/\\\/www.mondiale.be\\\/fr\\\/#website\",\"url\":\"https:\\\/\\\/www.mondiale.be\\\/fr\\\/\",\"name\":\"Mondiale metalworking machines\",\"description\":\"Your Machine Tool Partner\",\"publisher\":{\"@id\":\"https:\\\/\\\/www.mondiale.be\\\/fr\\\/#organization\"},\"alternateName\":\"Mondiale\",\"potentialAction\":[{\"@type\":\"SearchAction\",\"target\":{\"@type\":\"EntryPoint\",\"urlTemplate\":\"https:\\\/\\\/www.mondiale.be\\\/fr\\\/?s={search_term_string}\"},\"query-input\":{\"@type\":\"PropertyValueSpecification\",\"valueRequired\":true,\"valueName\":\"search_term_string\"}}],\"inLanguage\":\"fr-FR\"},{\"@type\":\"Organization\",\"@id\":\"https:\\\/\\\/www.mondiale.be\\\/fr\\\/#organization\",\"name\":\"Mondiale metalworking machines\",\"alternateName\":\"Mondiale\",\"url\":\"https:\\\/\\\/www.mondiale.be\\\/fr\\\/\",\"logo\":{\"@type\":\"ImageObject\",\"inLanguage\":\"fr-FR\",\"@id\":\"https:\\\/\\\/www.mondiale.be\\\/fr\\\/#\\\/schema\\\/logo\\\/image\\\/\",\"url\":\"https:\\\/\\\/www.mondiale.be\\\/assets\\\/logo-mondiale-notag-alt-color.svg\",\"contentUrl\":\"https:\\\/\\\/www.mondiale.be\\\/assets\\\/logo-mondiale-notag-alt-color.svg\",\"width\":1,\"height\":1,\"caption\":\"Mondiale metalworking machines\"},\"image\":{\"@id\":\"https:\\\/\\\/www.mondiale.be\\\/fr\\\/#\\\/schema\\\/logo\\\/image\\\/\"},\"sameAs\":[\"https:\\\/\\\/www.facebook.com\\\/mondialenv\\\/\"]}]}<\/script>\n<!-- \/ Yoast SEO plugin. -->","yoast_head_json":{"title":"La histoire de la Mondiale (partie 1\/6) - Mondiale 100e anniversaire","description":"La remarquable histoire de la Mondiale (partie 1\/6) 1860 - 1898 : l'entreprise familiale Fondu \u00e0 Vilvorde met l'industrie m\u00e9tallurgique sur notre carte.","robots":{"index":"index","follow":"follow","max-snippet":"max-snippet:-1","max-image-preview":"max-image-preview:large","max-video-preview":"max-video-preview:-1"},"canonical":"https:\/\/www.mondiale.be\/fr\/nouvelles\/the-history-of-mondiale-part-1-6\/","og_locale":"fr_FR","og_type":"article","og_title":"La histoire de la Mondiale (partie 1\/6) - Mondiale 100e anniversaire","og_description":"La remarquable histoire de la Mondiale (partie 1\/6) 1860 - 1898 : l'entreprise familiale Fondu \u00e0 Vilvorde met l'industrie m\u00e9tallurgique sur notre carte.","og_url":"https:\/\/www.mondiale.be\/fr\/nouvelles\/the-history-of-mondiale-part-1-6\/","og_site_name":"Mondiale","article_publisher":"https:\/\/www.facebook.com\/mondialenv\/","article_modified_time":"2020-06-15T11:37:22+00:00","og_image":[{"url":"https:\/\/www.mondiale.be\/assets\/20190408_104438-scaled.jpg","type":"","width":"","height":""}],"twitter_card":"summary_large_image","twitter_misc":{"Dur\u00e9e de lecture estim\u00e9e":"2 minutes"},"schema":{"@context":"https:\/\/schema.org","@graph":[{"@type":"WebPage","@id":"https:\/\/www.mondiale.be\/fr\/nouvelles\/the-history-of-mondiale-part-1-6\/","url":"https:\/\/www.mondiale.be\/fr\/nouvelles\/the-history-of-mondiale-part-1-6\/","name":"La histoire de la Mondiale (partie 1\/6) - Mondiale 100e anniversaire","isPartOf":{"@id":"https:\/\/www.mondiale.be\/fr\/#website"},"primaryImageOfPage":{"@id":"https:\/\/www.mondiale.be\/fr\/nouvelles\/the-history-of-mondiale-part-1-6\/#primaryimage"},"image":{"@id":"https:\/\/www.mondiale.be\/fr\/nouvelles\/the-history-of-mondiale-part-1-6\/#primaryimage"},"thumbnailUrl":"https:\/\/www.mondiale.be\/assets\/20190408_104438.jpg","datePublished":"2020-04-07T09:06:24+00:00","dateModified":"2020-06-15T11:37:22+00:00","description":"La remarquable histoire de la Mondiale (partie 1\/6) 1860 - 1898 : l'entreprise familiale Fondu \u00e0 Vilvorde met l'industrie m\u00e9tallurgique sur notre carte.","breadcrumb":{"@id":"https:\/\/www.mondiale.be\/fr\/nouvelles\/the-history-of-mondiale-part-1-6\/#breadcrumb"},"inLanguage":"fr-FR","potentialAction":[{"@type":"ReadAction","target":["https:\/\/www.mondiale.be\/fr\/nouvelles\/the-history-of-mondiale-part-1-6\/"]}]},{"@type":"ImageObject","inLanguage":"fr-FR","@id":"https:\/\/www.mondiale.be\/fr\/nouvelles\/the-history-of-mondiale-part-1-6\/#primaryimage","url":"https:\/\/www.mondiale.be\/assets\/20190408_104438.jpg","contentUrl":"https:\/\/www.mondiale.be\/assets\/20190408_104438.jpg","width":2560,"height":1244,"caption":"Schets van de fabriek van J.B. Fondu rond 1890 \u00a9 M. Stappers"},{"@type":"BreadcrumbList","@id":"https:\/\/www.mondiale.be\/fr\/nouvelles\/the-history-of-mondiale-part-1-6\/#breadcrumb","itemListElement":[{"@type":"ListItem","position":1,"name":"Home","item":"https:\/\/www.mondiale.be\/fr\/home\/"},{"@type":"ListItem","position":2,"name":"News","item":"https:\/\/www.mondiale.be\/fr\/nouvelles\/"},{"@type":"ListItem","position":3,"name":"La histoire de la Mondiale (partie 1\/6)"}]},{"@type":"WebSite","@id":"https:\/\/www.mondiale.be\/fr\/#website","url":"https:\/\/www.mondiale.be\/fr\/","name":"Mondiale metalworking machines","description":"Your Machine Tool Partner","publisher":{"@id":"https:\/\/www.mondiale.be\/fr\/#organization"},"alternateName":"Mondiale","potentialAction":[{"@type":"SearchAction","target":{"@type":"EntryPoint","urlTemplate":"https:\/\/www.mondiale.be\/fr\/?s={search_term_string}"},"query-input":{"@type":"PropertyValueSpecification","valueRequired":true,"valueName":"search_term_string"}}],"inLanguage":"fr-FR"},{"@type":"Organization","@id":"https:\/\/www.mondiale.be\/fr\/#organization","name":"Mondiale metalworking machines","alternateName":"Mondiale","url":"https:\/\/www.mondiale.be\/fr\/","logo":{"@type":"ImageObject","inLanguage":"fr-FR","@id":"https:\/\/www.mondiale.be\/fr\/#\/schema\/logo\/image\/","url":"https:\/\/www.mondiale.be\/assets\/logo-mondiale-notag-alt-color.svg","contentUrl":"https:\/\/www.mondiale.be\/assets\/logo-mondiale-notag-alt-color.svg","width":1,"height":1,"caption":"Mondiale metalworking machines"},"image":{"@id":"https:\/\/www.mondiale.be\/fr\/#\/schema\/logo\/image\/"},"sameAs":["https:\/\/www.facebook.com\/mondialenv\/"]}]}},"_links":{"self":[{"href":"https:\/\/www.mondiale.be\/fr\/wp-json\/wp\/v2\/news\/13660","targetHints":{"allow":["GET"]}}],"collection":[{"href":"https:\/\/www.mondiale.be\/fr\/wp-json\/wp\/v2\/news"}],"about":[{"href":"https:\/\/www.mondiale.be\/fr\/wp-json\/wp\/v2\/types\/news"}],"author":[{"embeddable":true,"href":"https:\/\/www.mondiale.be\/fr\/wp-json\/wp\/v2\/users\/3"}],"version-history":[{"count":0,"href":"https:\/\/www.mondiale.be\/fr\/wp-json\/wp\/v2\/news\/13660\/revisions"}],"wp:featuredmedia":[{"embeddable":true,"href":"https:\/\/www.mondiale.be\/fr\/wp-json\/wp\/v2\/media\/12998"}],"wp:attachment":[{"href":"https:\/\/www.mondiale.be\/fr\/wp-json\/wp\/v2\/media?parent=13660"}],"wp:term":[{"taxonomy":"news_category","embeddable":true,"href":"https:\/\/www.mondiale.be\/fr\/wp-json\/wp\/v2\/news_category?post=13660"}],"curies":[{"name":"wp","href":"https:\/\/api.w.org\/{rel}","templated":true}]}}