{"id":33716,"date":"2023-10-25T16:29:00","date_gmt":"2023-10-25T14:29:00","guid":{"rendered":"https:\/\/www.mondiale.be\/news\/portes-ouvertes-mondiale-sept-28-30\/"},"modified":"2023-10-25T16:57:11","modified_gmt":"2023-10-25T14:57:11","slug":"portes-ouvertes-mondiale-sept-28-30","status":"publish","type":"news","link":"https:\/\/www.mondiale.be\/fr\/nouvelles\/portes-ouvertes-mondiale-sept-28-30\/","title":{"rendered":"Portes ouvertes Mondiale sept 28-30"},"content":{"rendered":"\t\t<div data-elementor-type=\"wp-post\" data-elementor-id=\"33716\" class=\"elementor elementor-33716 elementor-33701\" data-elementor-post-type=\"news\">\n\t\t\t\t\t\t<section class=\"elementor-section elementor-top-section elementor-element elementor-element-6b09f59e elementor-section-boxed elementor-section-height-default elementor-section-height-default\" data-id=\"6b09f59e\" data-element_type=\"section\" data-e-type=\"section\">\n\t\t\t\t\t\t<div class=\"elementor-container elementor-column-gap-default\">\n\t\t\t\t\t<div class=\"elementor-column elementor-col-100 elementor-top-column elementor-element elementor-element-24a59fec\" data-id=\"24a59fec\" data-element_type=\"column\" data-e-type=\"column\">\n\t\t\t<div class=\"elementor-widget-wrap elementor-element-populated\">\n\t\t\t\t\t\t<div class=\"elementor-element elementor-element-1ca28313 elementor-widget elementor-widget-text-editor\" data-id=\"1ca28313\" data-element_type=\"widget\" data-e-type=\"widget\" data-widget_type=\"text-editor.default\">\n\t\t\t\t<div class=\"elementor-widget-container\">\n\t\t\t\t\t\t\t\t\t<h2>Un grand succ\u00e8s!<\/h2>\n<p>Notre journ\u00e9e portes ouvertes a \u00e9t\u00e9 un grand succ\u00e8s ! Nous avons re\u00e7u <strong>plus de 1.000 visiteurs<\/strong> durant ces trois jours, non seulement de Belgique, mais aussi des Pays-Bas, d&rsquo;Allemagne, de France, du Luxembourg et m\u00eame d&rsquo;Inde!<\/p>\n<p>Les \u00e9coles ont \u00e9galement \u00e9t\u00e9 tr\u00e8s int\u00e9ress\u00e9es, leurs \u00e9l\u00e8ves ont pu assister \u00e0 des <strong>d\u00e9monstrations de nos machines Fanuc, Heidenhain, Iscar et Siemens<\/strong> et ont pu visiter notre atelier.<\/p>\n<p>Par la suite, un rallye de voitures anciennes a eu lieu sur notre parking, qui a \u00e9galement suscit\u00e9 beaucoup d&rsquo;int\u00e9r\u00eat&#8230;<\/p>\n<p>Nous tenons \u00e0 <strong>remercier \u00e0 nouveau les personnes pr\u00e9sentes<\/strong> pour leur visite et esp\u00e9rons accueillir \u00e0 nouveau tout le monde lors de notre prochain \u00e9v\u00e9nement!<\/p>\n\t\t\t\t\t\t\t\t<\/div>\n\t\t\t\t<\/div>\n\t\t\t\t\t<\/div>\n\t\t<\/div>\n\t\t\t\t\t<\/div>\n\t\t<\/section>\n\t\t\t\t<\/div>\n\t\t","protected":false},"excerpt":{"rendered":"<p>Un grand succ\u00e8s! Notre journ\u00e9e portes ouvertes a \u00e9t\u00e9 un grand succ\u00e8s ! Nous avons re\u00e7u plus de 1.000 visiteurs durant ces trois jours, non seulement de Belgique, mais aussi des Pays-Bas, d&rsquo;Allemagne, de France, du Luxembourg et m\u00eame d&rsquo;Inde! Les \u00e9coles ont \u00e9galement \u00e9t\u00e9 tr\u00e8s int\u00e9ress\u00e9es, leurs \u00e9l\u00e8ves ont pu assister \u00e0 des d\u00e9monstrations [&hellip;]<\/p>\n","protected":false},"author":3,"featured_media":33705,"template":"","news_category":[700],"class_list":["post-33716","news","type-news","status-publish","has-post-thumbnail","hentry","news_category-technologie-fr"],"acf":[],"yoast_head":"<!-- This site is optimized with the Yoast SEO plugin v27.5 - https:\/\/yoast.com\/product\/yoast-seo-wordpress\/ -->\n<title>Portes ouvertes Mondiale sept 28-30 - Mondiale<\/title>\n<meta name=\"robots\" content=\"index, follow, max-snippet:-1, max-image-preview:large, max-video-preview:-1\" \/>\n<link rel=\"canonical\" href=\"https:\/\/www.mondiale.be\/fr\/nouvelles\/portes-ouvertes-mondiale-sept-28-30\/\" \/>\n<meta property=\"og:locale\" content=\"fr_FR\" \/>\n<meta property=\"og:type\" content=\"article\" \/>\n<meta property=\"og:title\" content=\"Portes ouvertes Mondiale sept 28-30 - Mondiale\" \/>\n<meta property=\"og:description\" content=\"Un grand succ\u00e8s! Notre journ\u00e9e portes ouvertes a \u00e9t\u00e9 un grand succ\u00e8s ! Nous avons re\u00e7u plus de 1.000 visiteurs durant ces trois jours, non seulement de Belgique, mais aussi des Pays-Bas, d&rsquo;Allemagne, de France, du Luxembourg et m\u00eame d&rsquo;Inde! Les \u00e9coles ont \u00e9galement \u00e9t\u00e9 tr\u00e8s int\u00e9ress\u00e9es, leurs \u00e9l\u00e8ves ont pu assister \u00e0 des d\u00e9monstrations [&hellip;]\" \/>\n<meta property=\"og:url\" content=\"https:\/\/www.mondiale.be\/fr\/nouvelles\/portes-ouvertes-mondiale-sept-28-30\/\" \/>\n<meta property=\"og:site_name\" content=\"Mondiale\" \/>\n<meta property=\"article:publisher\" content=\"https:\/\/www.facebook.com\/mondialenv\/\" \/>\n<meta property=\"article:modified_time\" content=\"2023-10-25T14:57:11+00:00\" \/>\n<meta property=\"og:image\" content=\"https:\/\/www.mondiale.be\/assets\/open-door-23.jpg\" \/>\n\t<meta property=\"og:image:width\" content=\"2000\" \/>\n\t<meta property=\"og:image:height\" content=\"1500\" \/>\n\t<meta property=\"og:image:type\" content=\"image\/jpeg\" \/>\n<meta name=\"twitter:card\" content=\"summary_large_image\" \/>\n<meta name=\"twitter:label1\" content=\"Dur\u00e9e de lecture estim\u00e9e\" \/>\n\t<meta name=\"twitter:data1\" content=\"1 minute\" \/>\n<script type=\"application\/ld+json\" class=\"yoast-schema-graph\">{\"@context\":\"https:\\\/\\\/schema.org\",\"@graph\":[{\"@type\":\"WebPage\",\"@id\":\"https:\\\/\\\/www.mondiale.be\\\/fr\\\/nouvelles\\\/portes-ouvertes-mondiale-sept-28-30\\\/\",\"url\":\"https:\\\/\\\/www.mondiale.be\\\/fr\\\/nouvelles\\\/portes-ouvertes-mondiale-sept-28-30\\\/\",\"name\":\"Portes ouvertes Mondiale sept 28-30 - Mondiale\",\"isPartOf\":{\"@id\":\"https:\\\/\\\/www.mondiale.be\\\/fr\\\/#website\"},\"primaryImageOfPage\":{\"@id\":\"https:\\\/\\\/www.mondiale.be\\\/fr\\\/nouvelles\\\/portes-ouvertes-mondiale-sept-28-30\\\/#primaryimage\"},\"image\":{\"@id\":\"https:\\\/\\\/www.mondiale.be\\\/fr\\\/nouvelles\\\/portes-ouvertes-mondiale-sept-28-30\\\/#primaryimage\"},\"thumbnailUrl\":\"https:\\\/\\\/www.mondiale.be\\\/assets\\\/open-door-23.jpg\",\"datePublished\":\"2023-10-25T14:29:00+00:00\",\"dateModified\":\"2023-10-25T14:57:11+00:00\",\"breadcrumb\":{\"@id\":\"https:\\\/\\\/www.mondiale.be\\\/fr\\\/nouvelles\\\/portes-ouvertes-mondiale-sept-28-30\\\/#breadcrumb\"},\"inLanguage\":\"fr-FR\",\"potentialAction\":[{\"@type\":\"ReadAction\",\"target\":[\"https:\\\/\\\/www.mondiale.be\\\/fr\\\/nouvelles\\\/portes-ouvertes-mondiale-sept-28-30\\\/\"]}]},{\"@type\":\"ImageObject\",\"inLanguage\":\"fr-FR\",\"@id\":\"https:\\\/\\\/www.mondiale.be\\\/fr\\\/nouvelles\\\/portes-ouvertes-mondiale-sept-28-30\\\/#primaryimage\",\"url\":\"https:\\\/\\\/www.mondiale.be\\\/assets\\\/open-door-23.jpg\",\"contentUrl\":\"https:\\\/\\\/www.mondiale.be\\\/assets\\\/open-door-23.jpg\",\"width\":2000,\"height\":1500},{\"@type\":\"BreadcrumbList\",\"@id\":\"https:\\\/\\\/www.mondiale.be\\\/fr\\\/nouvelles\\\/portes-ouvertes-mondiale-sept-28-30\\\/#breadcrumb\",\"itemListElement\":[{\"@type\":\"ListItem\",\"position\":1,\"name\":\"Home\",\"item\":\"https:\\\/\\\/www.mondiale.be\\\/fr\\\/home\\\/\"},{\"@type\":\"ListItem\",\"position\":2,\"name\":\"News\",\"item\":\"https:\\\/\\\/www.mondiale.be\\\/fr\\\/nouvelles\\\/\"},{\"@type\":\"ListItem\",\"position\":3,\"name\":\"Portes ouvertes Mondiale sept 28-30\"}]},{\"@type\":\"WebSite\",\"@id\":\"https:\\\/\\\/www.mondiale.be\\\/fr\\\/#website\",\"url\":\"https:\\\/\\\/www.mondiale.be\\\/fr\\\/\",\"name\":\"Mondiale metalworking machines\",\"description\":\"Your Machine Tool Partner\",\"publisher\":{\"@id\":\"https:\\\/\\\/www.mondiale.be\\\/fr\\\/#organization\"},\"alternateName\":\"Mondiale\",\"potentialAction\":[{\"@type\":\"SearchAction\",\"target\":{\"@type\":\"EntryPoint\",\"urlTemplate\":\"https:\\\/\\\/www.mondiale.be\\\/fr\\\/?s={search_term_string}\"},\"query-input\":{\"@type\":\"PropertyValueSpecification\",\"valueRequired\":true,\"valueName\":\"search_term_string\"}}],\"inLanguage\":\"fr-FR\"},{\"@type\":\"Organization\",\"@id\":\"https:\\\/\\\/www.mondiale.be\\\/fr\\\/#organization\",\"name\":\"Mondiale metalworking machines\",\"alternateName\":\"Mondiale\",\"url\":\"https:\\\/\\\/www.mondiale.be\\\/fr\\\/\",\"logo\":{\"@type\":\"ImageObject\",\"inLanguage\":\"fr-FR\",\"@id\":\"https:\\\/\\\/www.mondiale.be\\\/fr\\\/#\\\/schema\\\/logo\\\/image\\\/\",\"url\":\"https:\\\/\\\/www.mondiale.be\\\/assets\\\/logo-mondiale-notag-alt-color.svg\",\"contentUrl\":\"https:\\\/\\\/www.mondiale.be\\\/assets\\\/logo-mondiale-notag-alt-color.svg\",\"width\":1,\"height\":1,\"caption\":\"Mondiale metalworking machines\"},\"image\":{\"@id\":\"https:\\\/\\\/www.mondiale.be\\\/fr\\\/#\\\/schema\\\/logo\\\/image\\\/\"},\"sameAs\":[\"https:\\\/\\\/www.facebook.com\\\/mondialenv\\\/\"]}]}<\/script>\n<!-- \/ Yoast SEO plugin. -->","yoast_head_json":{"title":"Portes ouvertes Mondiale sept 28-30 - Mondiale","robots":{"index":"index","follow":"follow","max-snippet":"max-snippet:-1","max-image-preview":"max-image-preview:large","max-video-preview":"max-video-preview:-1"},"canonical":"https:\/\/www.mondiale.be\/fr\/nouvelles\/portes-ouvertes-mondiale-sept-28-30\/","og_locale":"fr_FR","og_type":"article","og_title":"Portes ouvertes Mondiale sept 28-30 - Mondiale","og_description":"Un grand succ\u00e8s! Notre journ\u00e9e portes ouvertes a \u00e9t\u00e9 un grand succ\u00e8s ! Nous avons re\u00e7u plus de 1.000 visiteurs durant ces trois jours, non seulement de Belgique, mais aussi des Pays-Bas, d&rsquo;Allemagne, de France, du Luxembourg et m\u00eame d&rsquo;Inde! Les \u00e9coles ont \u00e9galement \u00e9t\u00e9 tr\u00e8s int\u00e9ress\u00e9es, leurs \u00e9l\u00e8ves ont pu assister \u00e0 des d\u00e9monstrations [&hellip;]","og_url":"https:\/\/www.mondiale.be\/fr\/nouvelles\/portes-ouvertes-mondiale-sept-28-30\/","og_site_name":"Mondiale","article_publisher":"https:\/\/www.facebook.com\/mondialenv\/","article_modified_time":"2023-10-25T14:57:11+00:00","og_image":[{"width":2000,"height":1500,"url":"https:\/\/www.mondiale.be\/assets\/open-door-23.jpg","type":"image\/jpeg"}],"twitter_card":"summary_large_image","twitter_misc":{"Dur\u00e9e de lecture estim\u00e9e":"1 minute"},"schema":{"@context":"https:\/\/schema.org","@graph":[{"@type":"WebPage","@id":"https:\/\/www.mondiale.be\/fr\/nouvelles\/portes-ouvertes-mondiale-sept-28-30\/","url":"https:\/\/www.mondiale.be\/fr\/nouvelles\/portes-ouvertes-mondiale-sept-28-30\/","name":"Portes ouvertes Mondiale sept 28-30 - Mondiale","isPartOf":{"@id":"https:\/\/www.mondiale.be\/fr\/#website"},"primaryImageOfPage":{"@id":"https:\/\/www.mondiale.be\/fr\/nouvelles\/portes-ouvertes-mondiale-sept-28-30\/#primaryimage"},"image":{"@id":"https:\/\/www.mondiale.be\/fr\/nouvelles\/portes-ouvertes-mondiale-sept-28-30\/#primaryimage"},"thumbnailUrl":"https:\/\/www.mondiale.be\/assets\/open-door-23.jpg","datePublished":"2023-10-25T14:29:00+00:00","dateModified":"2023-10-25T14:57:11+00:00","breadcrumb":{"@id":"https:\/\/www.mondiale.be\/fr\/nouvelles\/portes-ouvertes-mondiale-sept-28-30\/#breadcrumb"},"inLanguage":"fr-FR","potentialAction":[{"@type":"ReadAction","target":["https:\/\/www.mondiale.be\/fr\/nouvelles\/portes-ouvertes-mondiale-sept-28-30\/"]}]},{"@type":"ImageObject","inLanguage":"fr-FR","@id":"https:\/\/www.mondiale.be\/fr\/nouvelles\/portes-ouvertes-mondiale-sept-28-30\/#primaryimage","url":"https:\/\/www.mondiale.be\/assets\/open-door-23.jpg","contentUrl":"https:\/\/www.mondiale.be\/assets\/open-door-23.jpg","width":2000,"height":1500},{"@type":"BreadcrumbList","@id":"https:\/\/www.mondiale.be\/fr\/nouvelles\/portes-ouvertes-mondiale-sept-28-30\/#breadcrumb","itemListElement":[{"@type":"ListItem","position":1,"name":"Home","item":"https:\/\/www.mondiale.be\/fr\/home\/"},{"@type":"ListItem","position":2,"name":"News","item":"https:\/\/www.mondiale.be\/fr\/nouvelles\/"},{"@type":"ListItem","position":3,"name":"Portes ouvertes Mondiale sept 28-30"}]},{"@type":"WebSite","@id":"https:\/\/www.mondiale.be\/fr\/#website","url":"https:\/\/www.mondiale.be\/fr\/","name":"Mondiale metalworking machines","description":"Your Machine Tool Partner","publisher":{"@id":"https:\/\/www.mondiale.be\/fr\/#organization"},"alternateName":"Mondiale","potentialAction":[{"@type":"SearchAction","target":{"@type":"EntryPoint","urlTemplate":"https:\/\/www.mondiale.be\/fr\/?s={search_term_string}"},"query-input":{"@type":"PropertyValueSpecification","valueRequired":true,"valueName":"search_term_string"}}],"inLanguage":"fr-FR"},{"@type":"Organization","@id":"https:\/\/www.mondiale.be\/fr\/#organization","name":"Mondiale metalworking machines","alternateName":"Mondiale","url":"https:\/\/www.mondiale.be\/fr\/","logo":{"@type":"ImageObject","inLanguage":"fr-FR","@id":"https:\/\/www.mondiale.be\/fr\/#\/schema\/logo\/image\/","url":"https:\/\/www.mondiale.be\/assets\/logo-mondiale-notag-alt-color.svg","contentUrl":"https:\/\/www.mondiale.be\/assets\/logo-mondiale-notag-alt-color.svg","width":1,"height":1,"caption":"Mondiale metalworking machines"},"image":{"@id":"https:\/\/www.mondiale.be\/fr\/#\/schema\/logo\/image\/"},"sameAs":["https:\/\/www.facebook.com\/mondialenv\/"]}]}},"_links":{"self":[{"href":"https:\/\/www.mondiale.be\/fr\/wp-json\/wp\/v2\/news\/33716","targetHints":{"allow":["GET"]}}],"collection":[{"href":"https:\/\/www.mondiale.be\/fr\/wp-json\/wp\/v2\/news"}],"about":[{"href":"https:\/\/www.mondiale.be\/fr\/wp-json\/wp\/v2\/types\/news"}],"author":[{"embeddable":true,"href":"https:\/\/www.mondiale.be\/fr\/wp-json\/wp\/v2\/users\/3"}],"version-history":[{"count":0,"href":"https:\/\/www.mondiale.be\/fr\/wp-json\/wp\/v2\/news\/33716\/revisions"}],"wp:featuredmedia":[{"embeddable":true,"href":"https:\/\/www.mondiale.be\/fr\/wp-json\/wp\/v2\/media\/33705"}],"wp:attachment":[{"href":"https:\/\/www.mondiale.be\/fr\/wp-json\/wp\/v2\/media?parent=33716"}],"wp:term":[{"taxonomy":"news_category","embeddable":true,"href":"https:\/\/www.mondiale.be\/fr\/wp-json\/wp\/v2\/news_category?post=33716"}],"curies":[{"name":"wp","href":"https:\/\/api.w.org\/{rel}","templated":true}]}}